{"id":2256,"date":"2025-11-11T10:10:08","date_gmt":"2025-11-11T10:10:08","guid":{"rendered":"https:\/\/yourlifeatlas.com\/?p=2256"},"modified":"2025-11-11T10:13:50","modified_gmt":"2025-11-11T10:13:50","slug":"et-im-schatten-ii","status":"publish","type":"post","link":"https:\/\/yourlifeatlas.com\/de\/2025\/11\/et-in-the-shadow-ii\/","title":{"rendered":"Extrovertiertes Denken im Schatten II"},"content":{"rendered":"<h3>JG Johnston<\/h3>\n<p style=\"text-align: center;\"><em><strong>Obwohl das unbewusste Denken archaisch ist, helfen seine reduktionistischen Tendenzen, die gelegentlichen Anf\u00e4lle des Versuchs, das Ego zum Subjekt zu erheben, auszugleichen. Sollte dies dennoch infolge einer vollst\u00e4ndigen Unterdr\u00fcckung der gegensteuernden subliminalen Prozesse geschehen, schl\u00e4gt das unbewusste Denken in offene Opposition um und wird projiziert. \u2013 C. G. Jung \u00a0<\/strong><\/em><\/p>\n<p>&nbsp;<\/p>\n<p>Im letzten Artikel haben wir die eher primitiven Merkmale des extrovertierten Denkens als Schattentypus betrachtet. In diesem Artikel werden wir es als Schattenprojektion untersuchen und seine destruktivere, gegens\u00e4tzliche Rolle gegen\u00fcber extremer Einseitigkeit beleuchten.<\/p>\n<p>&nbsp;<\/p>\n<h4>Extrovertiertes Denken als Projektion<\/h4>\n<p><img fetchpriority=\"high\" decoding=\"async\" class=\"alignnone size-full wp-image-2259\" src=\"https:\/\/yourlifeatlas.com\/wp-content\/uploads\/2025\/11\/extraverted-as-projection-300x289-1.jpg\" alt=\"\" width=\"300\" height=\"289\" \/><\/p>\n<p>&nbsp;<\/p>\n<p>Eine Person, deren extrovertiertes Denken eher als \u201cuntergeordneter\u201d oder \u201cSchattentyp\u201d gilt, f\u00fchlt sich beim logischen Denken oft unwohl und kann sich Menschen gegen\u00fcber unterlegen f\u00fchlen, die diesen Typus gut beherrschen. Sie meidet m\u00f6glicherweise pragmatische und logistische Angelegenheiten und verbirgt ihre empfundene Unterlegenheit hinter der Fassade ihrer bevorzugten Pers\u00f6nlichkeitsmerkmale. Bei einem Abendessen beispielsweise vermeidet sie es wom\u00f6glich, sich zu sehr in ein politisches Gespr\u00e4ch zu vertiefen, da sie wei\u00df, dass sie ihren F\u00e4higkeiten oder ihrem Wissen nicht trauen kann, und lenkt das Gespr\u00e4ch geschickt auf Themen, bei denen sie sich wohlf\u00fchlt; oder sie schweigt einfach.<\/p>\n<p>Wenn extrovertiertes Denken unterentwickelt und noch \u201cunbewusst\u201d ist, wird es oft auf das Leben anderer projiziert und pr\u00e4gt oder verzerrt so stark das normalerweise rationale und pragmatische Individuum, auf das die Projektion erfolgt.<\/p>\n<p>Wird dies negativ projiziert, entsteht eine Schattenprojektion, und die andere Person kann als \u00fcberm\u00e4\u00dfig starr, kritisch oder autorit\u00e4r wahrgenommen werden.<\/p>\n<p>Wird dies positiv projiziert, etwa als Anima\/Animus-Projektion, k\u00f6nnte die andere Person als allwissender, vertrauensw\u00fcrdiger Experte oder als au\u00dferordentlich effizienter Organisator wahrgenommen werden.<\/p>\n<p>&nbsp;<\/p>\n<h4>Extrovertiertes Denken als Gegensatz zu extremer Einseitigkeit<\/h4>\n<p>Wenn sich eine Person \u00fcberm\u00e4\u00dfig mit der dominanten Disposition identifiziert (in der Regel introvertiertes F\u00fchlen oder einer der introvertierten irrationalen Typen), kann die unterentwickelte extrovertierte Denkseite von einfach nur unterentwickelt zu aggressiv antagonistisch werden.<\/p>\n<p>Ist beispielsweise introvertiertes F\u00fchlen dominant, kann sich eine Person zunehmend mit ihren Idealen identifizieren und Aspekte der Realit\u00e4t, die nicht mit ihrem Idealbild \u00fcbereinstimmen, ausblenden und ignorieren. Ihre Identit\u00e4t wird zu stark von diesen intensiven Idealen gepr\u00e4gt. Je extremer die dominante Position ist, desto aggressiver kann das minderwertige Denken in ihrer Opposition werden.<\/p>\n<p>Unterentwickeltes extrovertiertes Denken \u00e4u\u00dfert sich normalerweise als innere Stimme, die die dominanten Dispositionen ausgleicht (beispielsweise indem sie ihn dazu anregt, seine Finanzen besser zu ordnen). Doch als Reaktion auf extreme Einseitigkeit kann der untergeordnete Schattentypus nun r\u00fccksichtslos alles untergraben, was dem Betroffenen am wichtigsten ist. Es mag scheinen, als h\u00e4tte das unentwickelte rationale Denken die Oberhand gewonnen. Anstatt Ideale flexibel zu verfolgen, kann der Betroffene starr, streits\u00fcchtig und kontrollierend werden.<\/p>\n<p>Jemand, dem Natur und \u00d6kologie am Herzen liegen, kann beispielsweise \u00fcberarbeitet werden und sich \u00fcberm\u00e4\u00dfig mit dem Umweltschutz identifizieren. Er ist dann nicht mehr nur ein wichtiges Ideal, sondern stilisiert sich selbst zum selbstherrlichen Vorbild des Umweltschutzes. Minderwertiges Denken kann sich gegen diese selbstgerechte Einseitigkeit richten und in starren, dogmatischen Verhaltensregeln f\u00fcr sich selbst und andere m\u00fcnden. So k\u00f6nnte er beispielsweise darauf bestehen, dass niemand mit dem Auto zur Arbeit f\u00e4hrt, weil Benzin umweltsch\u00e4dlich sei, und sich unter keinen Umst\u00e4nden von dieser Regel distanzieren.<\/p>\n<p>In seiner Einseitigkeit ist er neurotisch starr und kritisch geworden \u2013 die Verk\u00f6rperung seines projizierten Schattens. Extrovertiertes Denken ist zu einem destruktiven K\u00e4mpfer des Unbewussten geworden, der den extremen einseitigen Idealismus untergraben und den Einzelnen zu einer zentrierteren Lebensweise zur\u00fcckf\u00fchren will.<\/p>\n<p>&nbsp;<\/p>\n<p><strong>JG Johnston<\/strong><br \/>\nAutor von <em>Jungs unentbehrlicher Kompass<\/em><\/p>\n<p><a href=\"https:\/\/yourlifeatlas.com\/de\/book\/jungs-indispensable-compass-navigating-the-dynamics-of-psychological-types\/\"><img decoding=\"async\" class=\"alignnone size-full wp-image-2201\" src=\"https:\/\/yourlifeatlas.com\/wp-content\/uploads\/2025\/11\/Jungs-Compass-Cov-er-200x300-2.png\" alt=\"\" width=\"200\" height=\"300\" \/><\/a><\/p>\n<p><em>5\/1\/2015<\/em><\/p>","protected":false},"excerpt":{"rendered":"<p>Das Wunder, das wir sind Frage: Wie viele Zellen braucht man, um ein menschliches Gehirn zu bilden? Antwort: Eine einzige Zelle bildet in nur neun Monaten das Gehirn.,<\/p>","protected":false},"author":2,"featured_media":2261,"comment_status":"open","ping_status":"open","sticky":false,"template":"","format":"standard","meta":{"_acf_changed":false,"footnotes":""},"categories":[7],"tags":[],"class_list":["post-2256","post","type-post","status-publish","format-standard","has-post-thumbnail","hentry","category-psychological-type"],"acf":[],"yoast_head":"<!-- This site is optimized with the Yoast SEO Premium plugin v27.4 (Yoast SEO v27.4) - https:\/\/yoast.com\/product\/yoast-seo-premium-wordpress\/ -->\n<title>Extraverted Thinking in the Shadow II - Life Atlas<\/title>\n<meta name=\"robots\" content=\"index, follow, max-snippet:-1, max-image-preview:large, max-video-preview:-1\" \/>\n<link rel=\"canonical\" href=\"https:\/\/yourlifeatlas.com\/de\/2025\/11\/et-im-schatten-ii\/\" \/>\n<meta property=\"og:locale\" content=\"de_DE\" \/>\n<meta property=\"og:type\" content=\"article\" \/>\n<meta property=\"og:title\" content=\"Extraverted Thinking in the Shadow II\" \/>\n<meta property=\"og:description\" content=\"The Miracle That Is Us Question: How many cells does it take to create a human brain? Answer: One One cell, in nine short months, creates the brain,\" \/>\n<meta property=\"og:url\" content=\"https:\/\/yourlifeatlas.com\/de\/2025\/11\/et-im-schatten-ii\/\" \/>\n<meta property=\"og:site_name\" content=\"Life Atlas\" \/>\n<meta property=\"article:published_time\" content=\"2025-11-11T10:10:08+00:00\" \/>\n<meta property=\"article:modified_time\" content=\"2025-11-11T10:13:50+00:00\" \/>\n<meta property=\"og:image\" content=\"https:\/\/yourlifeatlas.com\/wp-content\/uploads\/2025\/11\/switzerland-image-1-1-1.jpg\" \/>\n\t<meta property=\"og:image:width\" content=\"960\" \/>\n\t<meta property=\"og:image:height\" content=\"640\" \/>\n\t<meta property=\"og:image:type\" content=\"image\/jpeg\" \/>\n<meta name=\"author\" content=\"James Johnston\" \/>\n<meta name=\"twitter:card\" content=\"summary_large_image\" \/>\n<meta name=\"twitter:label1\" content=\"Verfasst von\" \/>\n\t<meta name=\"twitter:data1\" content=\"James Johnston\" \/>\n\t<meta name=\"twitter:label2\" content=\"Gesch\u00e4tzte Lesezeit\" \/>\n\t<meta name=\"twitter:data2\" content=\"3\u00a0Minuten\" \/>\n<script type=\"application\/ld+json\" class=\"yoast-schema-graph\">{\"@context\":\"https:\\\/\\\/schema.org\",\"@graph\":[{\"@type\":\"Article\",\"@id\":\"https:\\\/\\\/yourlifeatlas.com\\\/2025\\\/11\\\/et-in-the-shadow-ii\\\/#article\",\"isPartOf\":{\"@id\":\"https:\\\/\\\/yourlifeatlas.com\\\/2025\\\/11\\\/et-in-the-shadow-ii\\\/\"},\"author\":{\"name\":\"James Johnston\",\"@id\":\"https:\\\/\\\/yourlifeatlas.com\\\/#\\\/schema\\\/person\\\/61357562a1bc0f3f0660e7bd63837b7d\"},\"headline\":\"Extraverted Thinking in the Shadow II\",\"datePublished\":\"2025-11-11T10:10:08+00:00\",\"dateModified\":\"2025-11-11T10:13:50+00:00\",\"mainEntityOfPage\":{\"@id\":\"https:\\\/\\\/yourlifeatlas.com\\\/2025\\\/11\\\/et-in-the-shadow-ii\\\/\"},\"wordCount\":600,\"commentCount\":0,\"image\":{\"@id\":\"https:\\\/\\\/yourlifeatlas.com\\\/2025\\\/11\\\/et-in-the-shadow-ii\\\/#primaryimage\"},\"thumbnailUrl\":\"https:\\\/\\\/yourlifeatlas.com\\\/wp-content\\\/uploads\\\/2025\\\/11\\\/switzerland-image-1-1-1.jpg\",\"articleSection\":[\"Psychological Type\"],\"inLanguage\":\"de\",\"potentialAction\":[{\"@type\":\"CommentAction\",\"name\":\"Comment\",\"target\":[\"https:\\\/\\\/yourlifeatlas.com\\\/2025\\\/11\\\/et-in-the-shadow-ii\\\/#respond\"]}]},{\"@type\":\"WebPage\",\"@id\":\"https:\\\/\\\/yourlifeatlas.com\\\/2025\\\/11\\\/et-in-the-shadow-ii\\\/\",\"url\":\"https:\\\/\\\/yourlifeatlas.com\\\/2025\\\/11\\\/et-in-the-shadow-ii\\\/\",\"name\":\"Extraverted Thinking in the Shadow II - Life Atlas\",\"isPartOf\":{\"@id\":\"https:\\\/\\\/yourlifeatlas.com\\\/#website\"},\"primaryImageOfPage\":{\"@id\":\"https:\\\/\\\/yourlifeatlas.com\\\/2025\\\/11\\\/et-in-the-shadow-ii\\\/#primaryimage\"},\"image\":{\"@id\":\"https:\\\/\\\/yourlifeatlas.com\\\/2025\\\/11\\\/et-in-the-shadow-ii\\\/#primaryimage\"},\"thumbnailUrl\":\"https:\\\/\\\/yourlifeatlas.com\\\/wp-content\\\/uploads\\\/2025\\\/11\\\/switzerland-image-1-1-1.jpg\",\"datePublished\":\"2025-11-11T10:10:08+00:00\",\"dateModified\":\"2025-11-11T10:13:50+00:00\",\"author\":{\"@id\":\"https:\\\/\\\/yourlifeatlas.com\\\/#\\\/schema\\\/person\\\/61357562a1bc0f3f0660e7bd63837b7d\"},\"breadcrumb\":{\"@id\":\"https:\\\/\\\/yourlifeatlas.com\\\/2025\\\/11\\\/et-in-the-shadow-ii\\\/#breadcrumb\"},\"inLanguage\":\"de\",\"potentialAction\":[{\"@type\":\"ReadAction\",\"target\":[\"https:\\\/\\\/yourlifeatlas.com\\\/2025\\\/11\\\/et-in-the-shadow-ii\\\/\"]}]},{\"@type\":\"ImageObject\",\"inLanguage\":\"de\",\"@id\":\"https:\\\/\\\/yourlifeatlas.com\\\/2025\\\/11\\\/et-in-the-shadow-ii\\\/#primaryimage\",\"url\":\"https:\\\/\\\/yourlifeatlas.com\\\/wp-content\\\/uploads\\\/2025\\\/11\\\/switzerland-image-1-1-1.jpg\",\"contentUrl\":\"https:\\\/\\\/yourlifeatlas.com\\\/wp-content\\\/uploads\\\/2025\\\/11\\\/switzerland-image-1-1-1.jpg\",\"width\":960,\"height\":640},{\"@type\":\"BreadcrumbList\",\"@id\":\"https:\\\/\\\/yourlifeatlas.com\\\/2025\\\/11\\\/et-in-the-shadow-ii\\\/#breadcrumb\",\"itemListElement\":[{\"@type\":\"ListItem\",\"position\":1,\"name\":\"Home\",\"item\":\"https:\\\/\\\/yourlifeatlas.com\\\/\"},{\"@type\":\"ListItem\",\"position\":2,\"name\":\"Extraverted Thinking in the Shadow II\"}]},{\"@type\":\"WebSite\",\"@id\":\"https:\\\/\\\/yourlifeatlas.com\\\/#website\",\"url\":\"https:\\\/\\\/yourlifeatlas.com\\\/\",\"name\":\"Life Atlas\",\"description\":\"\",\"potentialAction\":[{\"@type\":\"SearchAction\",\"target\":{\"@type\":\"EntryPoint\",\"urlTemplate\":\"https:\\\/\\\/yourlifeatlas.com\\\/?s={search_term_string}\"},\"query-input\":{\"@type\":\"PropertyValueSpecification\",\"valueRequired\":true,\"valueName\":\"search_term_string\"}}],\"inLanguage\":\"de\"},{\"@type\":\"Person\",\"@id\":\"https:\\\/\\\/yourlifeatlas.com\\\/#\\\/schema\\\/person\\\/61357562a1bc0f3f0660e7bd63837b7d\",\"name\":\"James Johnston\",\"image\":{\"@type\":\"ImageObject\",\"inLanguage\":\"de\",\"@id\":\"https:\\\/\\\/secure.gravatar.com\\\/avatar\\\/102df6dd747f22072ed02fe7955e897b4eab3f8b67dc2d17e79c7cc988fea1c2?s=96&d=mm&r=g\",\"url\":\"https:\\\/\\\/secure.gravatar.com\\\/avatar\\\/102df6dd747f22072ed02fe7955e897b4eab3f8b67dc2d17e79c7cc988fea1c2?s=96&d=mm&r=g\",\"contentUrl\":\"https:\\\/\\\/secure.gravatar.com\\\/avatar\\\/102df6dd747f22072ed02fe7955e897b4eab3f8b67dc2d17e79c7cc988fea1c2?s=96&d=mm&r=g\",\"caption\":\"James Johnston\"},\"url\":\"https:\\\/\\\/yourlifeatlas.com\\\/de\\\/author\\\/jgj\\\/\"}]}<\/script>\n<!-- \/ Yoast SEO Premium plugin. -->","yoast_head_json":{"title":"Extrovertiertes Denken im Schatten II \u2013 Lebensatlas","robots":{"index":"index","follow":"follow","max-snippet":"max-snippet:-1","max-image-preview":"max-image-preview:large","max-video-preview":"max-video-preview:-1"},"canonical":"https:\/\/yourlifeatlas.com\/de\/2025\/11\/et-im-schatten-ii\/","og_locale":"de_DE","og_type":"article","og_title":"Extraverted Thinking in the Shadow II","og_description":"The Miracle That Is Us Question: How many cells does it take to create a human brain? Answer: One One cell, in nine short months, creates the brain,","og_url":"https:\/\/yourlifeatlas.com\/de\/2025\/11\/et-im-schatten-ii\/","og_site_name":"Life Atlas","article_published_time":"2025-11-11T10:10:08+00:00","article_modified_time":"2025-11-11T10:13:50+00:00","og_image":[{"width":960,"height":640,"url":"https:\/\/yourlifeatlas.com\/wp-content\/uploads\/2025\/11\/switzerland-image-1-1-1.jpg","type":"image\/jpeg"}],"author":"James Johnston","twitter_card":"summary_large_image","twitter_misc":{"Verfasst von":"James Johnston","Gesch\u00e4tzte Lesezeit":"3\u00a0Minuten"},"schema":{"@context":"https:\/\/schema.org","@graph":[{"@type":"Article","@id":"https:\/\/yourlifeatlas.com\/2025\/11\/et-in-the-shadow-ii\/#article","isPartOf":{"@id":"https:\/\/yourlifeatlas.com\/2025\/11\/et-in-the-shadow-ii\/"},"author":{"name":"James Johnston","@id":"https:\/\/yourlifeatlas.com\/#\/schema\/person\/61357562a1bc0f3f0660e7bd63837b7d"},"headline":"Extraverted Thinking in the Shadow II","datePublished":"2025-11-11T10:10:08+00:00","dateModified":"2025-11-11T10:13:50+00:00","mainEntityOfPage":{"@id":"https:\/\/yourlifeatlas.com\/2025\/11\/et-in-the-shadow-ii\/"},"wordCount":600,"commentCount":0,"image":{"@id":"https:\/\/yourlifeatlas.com\/2025\/11\/et-in-the-shadow-ii\/#primaryimage"},"thumbnailUrl":"https:\/\/yourlifeatlas.com\/wp-content\/uploads\/2025\/11\/switzerland-image-1-1-1.jpg","articleSection":["Psychological Type"],"inLanguage":"de","potentialAction":[{"@type":"CommentAction","name":"Comment","target":["https:\/\/yourlifeatlas.com\/2025\/11\/et-in-the-shadow-ii\/#respond"]}]},{"@type":"WebPage","@id":"https:\/\/yourlifeatlas.com\/2025\/11\/et-in-the-shadow-ii\/","url":"https:\/\/yourlifeatlas.com\/2025\/11\/et-in-the-shadow-ii\/","name":"Extrovertiertes Denken im Schatten II \u2013 Lebensatlas","isPartOf":{"@id":"https:\/\/yourlifeatlas.com\/#website"},"primaryImageOfPage":{"@id":"https:\/\/yourlifeatlas.com\/2025\/11\/et-in-the-shadow-ii\/#primaryimage"},"image":{"@id":"https:\/\/yourlifeatlas.com\/2025\/11\/et-in-the-shadow-ii\/#primaryimage"},"thumbnailUrl":"https:\/\/yourlifeatlas.com\/wp-content\/uploads\/2025\/11\/switzerland-image-1-1-1.jpg","datePublished":"2025-11-11T10:10:08+00:00","dateModified":"2025-11-11T10:13:50+00:00","author":{"@id":"https:\/\/yourlifeatlas.com\/#\/schema\/person\/61357562a1bc0f3f0660e7bd63837b7d"},"breadcrumb":{"@id":"https:\/\/yourlifeatlas.com\/2025\/11\/et-in-the-shadow-ii\/#breadcrumb"},"inLanguage":"de","potentialAction":[{"@type":"ReadAction","target":["https:\/\/yourlifeatlas.com\/2025\/11\/et-in-the-shadow-ii\/"]}]},{"@type":"ImageObject","inLanguage":"de","@id":"https:\/\/yourlifeatlas.com\/2025\/11\/et-in-the-shadow-ii\/#primaryimage","url":"https:\/\/yourlifeatlas.com\/wp-content\/uploads\/2025\/11\/switzerland-image-1-1-1.jpg","contentUrl":"https:\/\/yourlifeatlas.com\/wp-content\/uploads\/2025\/11\/switzerland-image-1-1-1.jpg","width":960,"height":640},{"@type":"BreadcrumbList","@id":"https:\/\/yourlifeatlas.com\/2025\/11\/et-in-the-shadow-ii\/#breadcrumb","itemListElement":[{"@type":"ListItem","position":1,"name":"Home","item":"https:\/\/yourlifeatlas.com\/"},{"@type":"ListItem","position":2,"name":"Extraverted Thinking in the Shadow II"}]},{"@type":"WebSite","@id":"https:\/\/yourlifeatlas.com\/#website","url":"https:\/\/yourlifeatlas.com\/","name":"Lebensatlas","description":"","potentialAction":[{"@type":"SearchAction","target":{"@type":"EntryPoint","urlTemplate":"https:\/\/yourlifeatlas.com\/?s={search_term_string}"},"query-input":{"@type":"PropertyValueSpecification","valueRequired":true,"valueName":"search_term_string"}}],"inLanguage":"de"},{"@type":"Person","@id":"https:\/\/yourlifeatlas.com\/#\/schema\/person\/61357562a1bc0f3f0660e7bd63837b7d","name":"James Johnston","image":{"@type":"ImageObject","inLanguage":"de","@id":"https:\/\/secure.gravatar.com\/avatar\/102df6dd747f22072ed02fe7955e897b4eab3f8b67dc2d17e79c7cc988fea1c2?s=96&d=mm&r=g","url":"https:\/\/secure.gravatar.com\/avatar\/102df6dd747f22072ed02fe7955e897b4eab3f8b67dc2d17e79c7cc988fea1c2?s=96&d=mm&r=g","contentUrl":"https:\/\/secure.gravatar.com\/avatar\/102df6dd747f22072ed02fe7955e897b4eab3f8b67dc2d17e79c7cc988fea1c2?s=96&d=mm&r=g","caption":"James Johnston"},"url":"https:\/\/yourlifeatlas.com\/de\/author\/jgj\/"}]}},"_links":{"self":[{"href":"https:\/\/yourlifeatlas.com\/de\/wp-json\/wp\/v2\/posts\/2256","targetHints":{"allow":["GET"]}}],"collection":[{"href":"https:\/\/yourlifeatlas.com\/de\/wp-json\/wp\/v2\/posts"}],"about":[{"href":"https:\/\/yourlifeatlas.com\/de\/wp-json\/wp\/v2\/types\/post"}],"author":[{"embeddable":true,"href":"https:\/\/yourlifeatlas.com\/de\/wp-json\/wp\/v2\/users\/2"}],"replies":[{"embeddable":true,"href":"https:\/\/yourlifeatlas.com\/de\/wp-json\/wp\/v2\/comments?post=2256"}],"version-history":[{"count":0,"href":"https:\/\/yourlifeatlas.com\/de\/wp-json\/wp\/v2\/posts\/2256\/revisions"}],"wp:featuredmedia":[{"embeddable":true,"href":"https:\/\/yourlifeatlas.com\/de\/wp-json\/wp\/v2\/media\/2261"}],"wp:attachment":[{"href":"https:\/\/yourlifeatlas.com\/de\/wp-json\/wp\/v2\/media?parent=2256"}],"wp:term":[{"taxonomy":"category","embeddable":true,"href":"https:\/\/yourlifeatlas.com\/de\/wp-json\/wp\/v2\/categories?post=2256"},{"taxonomy":"post_tag","embeddable":true,"href":"https:\/\/yourlifeatlas.com\/de\/wp-json\/wp\/v2\/tags?post=2256"}],"curies":[{"name":"wp","href":"https:\/\/api.w.org\/{rel}","templated":true}]}}