{"id":2249,"date":"2025-11-11T10:06:25","date_gmt":"2025-11-11T10:06:25","guid":{"rendered":"https:\/\/yourlifeatlas.com\/?p=2249"},"modified":"2025-11-11T10:09:18","modified_gmt":"2025-11-11T10:09:18","slug":"y-en-la-sombra","status":"publish","type":"post","link":"https:\/\/yourlifeatlas.com\/es\/2025\/11\/et-in-the-shadow\/","title":{"rendered":"Pensamiento extrovertido en la sombra"},"content":{"rendered":"<h3>Vanessa Goodman<\/h3>\n<p style=\"text-align: center;\"><em><strong>\u201cAunque el pensamiento inconsciente es arcaico, sus tendencias reductivas ayudan a compensar los ataques ocasionales de intento de exaltar el ego en el sujeto\u201d. \u2013 CG Jung <\/strong><\/em><\/p>\n<p>&nbsp;<\/p>\n<p>En este art\u00edculo, la analista junguiana Vanessa Prins-Goodman analiza el pensamiento extrovertido en la posici\u00f3n &quot;inferior&quot; o &quot;en la sombra&quot;. Este art\u00edculo, y los siguientes, ofrecen atisbos de un art\u00edculo o libro m\u00e1s completo, fruto de un peque\u00f1o grupo de estudio que actualmente investiga cada uno de los tipos en la sombra.<\/p>\n<p>&nbsp;<\/p>\n<h4>Pensamiento constructivo<\/h4>\n<p>El pensamiento extrovertido en la posici\u00f3n consciente permite a una persona ordenar los numerosos hechos del mundo exterior mediante el pensamiento l\u00f3gico. Una persona que privilegia el pensamiento extrovertido a menudo disfrutar\u00e1 recopilando muchos hechos y datos detallados. El pensamiento extrovertido puede analizar y ordenar una amplia gama de hechos, obteniendo el orden seg\u00fan f\u00f3rmulas rectoras racionales y reductivas.\u201c<\/p>\n<p>Contadores, gerentes, m\u00e9dicos, abogados o jueces podr\u00edan ser ejemplos de personas que practican regularmente el pensamiento extrovertido. Muchas de las tareas en entornos empresariales suelen requerirlo.<\/p>\n<p><img fetchpriority=\"high\" decoding=\"async\" class=\"alignnone size-full wp-image-2252\" src=\"https:\/\/yourlifeatlas.com\/wp-content\/uploads\/2025\/11\/extraverted-thinking-300x289-1.jpg\" alt=\"\" width=\"300\" height=\"289\" \/><\/p>\n<p>&nbsp;<\/p>\n<h4>Pensamiento extrovertido en la sombra<\/h4>\n<p>Cuando el pensamiento extrovertido se encuentra en una posici\u00f3n &quot;inferior&quot; o &quot;en la sombra&quot;, es mucho menos accesible a la consciencia. La capacidad de aplicar orden l\u00f3gico a la realidad exterior tiende a estar poco desarrollada o ser poco fiable.<\/p>\n<p>A una persona podr\u00eda resultarle dif\u00edcil ordenar, tomar decisiones basadas en hechos o trabajar con destreza en la resoluci\u00f3n pr\u00e1ctica de problemas. Podr\u00eda sentirse f\u00e1cilmente abrumada por los hechos y las cifras, o perdida para lidiar con ellos. Aplicar este tipo de pensamiento puede resultar inc\u00f3modo, aburrido o agotador. Podr\u00eda posponer las tareas administrativas, sin lograr organizarlas ni comprenderlas, o incluso intentar evitarlas por completo.<\/p>\n<p>Por ejemplo, una persona orientada a las emociones podr\u00eda querer comprar una casa. Le resulta f\u00e1cil saber qu\u00e9 casas le gustan m\u00e1s; sabe qu\u00e9 piensa de ellas. Pero la toma de decisiones tambi\u00e9n puede requerir comparar datos importantes (precio, n\u00famero de habitaciones, ubicaci\u00f3n). El proceso de comparar estos datos podr\u00eda volverse tedioso pronto; podr\u00eda encontrarse con obst\u00e1culos frustrantes (por ejemplo, no saber usar una hoja de c\u00e1lculo de Excel). Podr\u00eda sentirse desanimado por todo el razonamiento necesario. Abandonando la consideraci\u00f3n l\u00f3gica de los hechos, podr\u00eda simplemente tomar su decisi\u00f3n bas\u00e1ndose en lo que le hace sentir bien.<\/p>\n<p>El pensamiento extrovertido en la sombra, aunque menos desarrollado, sirve para compensar u oponerse a los tipos mejor desarrollados en la conciencia del ego, inhibiendo as\u00ed la inflaci\u00f3n del ego.<\/p>\n<p>\u201cAunque el pensamiento inconsciente es arcaico, sus tendencias reduccionistas ayudan a compensar los ocasionales intentos de exaltar el ego en el sujeto. (CW 6, p\u00e1rr. 643)<\/p>\n<p>El tipo te\u00f3ricamente dominante en la conciencia del ego ser\u00eda el sentimiento introvertido, pero la intuici\u00f3n introvertida o la sensaci\u00f3n introvertida suelen ser dominantes cuando el pensamiento extrovertido est\u00e1 alojado en la sombra \u201cinconsciente\u201d.<\/p>\n<p>Podemos observar un pensamiento extrovertido arcaico en Vincent van Gogh, quien probablemente favorec\u00eda la sensaci\u00f3n introvertida como tipo principal. En sus art\u00edculos a su hermano Theo, se puede percibir la sensaci\u00f3n introvertida en su v\u00edvida descripci\u00f3n de la naturaleza y la pintura en la que ha estado trabajando:<\/p>\n<p>\u201cAyer, al atardecer, me encontraba en un brezal pedregoso donde crecen robles muy peque\u00f1os y retorcidos, al fondo una ruina en la colina y campos de trigo en el valle... El sol derramaba sus rayos amarillos sobre los arbustos y el suelo, una aut\u00e9ntica lluvia de oro. (Carta 636)<\/p>\n<p>Tambi\u00e9n escribe sobre sus problemas de salud, su agitaci\u00f3n emocional y su complicada situaci\u00f3n financiera, que le preocupaban con frecuencia. En uno de esos art\u00edculos, podemos apreciar su resistencia a los detalles administrativos que le permitir\u00edan ordenar sus finanzas.<\/p>\n<p>\u201cMe asombra ver que ya veo el fondo de mi cartera; es cierto que ten\u00eda que pagar el alquiler de un mes. Debes saber que, si deduzco la comida y el alojamiento, el resto de mi dinero se me va en lienzos. (Carta 636)<\/p>\n<p>De la misma manera, la organizaci\u00f3n pr\u00e1ctica de las tareas cotidianas puede \u201cdesaparecer\u201d si el pensamiento extrovertido permanece firmemente arraigado como un tipo arcaico.<\/p>\n<p>En el pr\u00f3ximo n\u00famero revisaremos el pensamiento extrovertido como proyecci\u00f3n de sombra y como oposici\u00f3n destructiva a la unilateralidad extrema.<\/p>\n<p>&nbsp;<\/p>\n<p><strong>Vanessa Goodman<\/strong><em><br \/>\n4\/1\/2015<\/em><\/p>","protected":false},"excerpt":{"rendered":"<p>El milagro que somos. Pregunta: \u00bfCu\u00e1ntas c\u00e9lulas se necesitan para crear un cerebro humano? Respuesta: Una sola c\u00e9lula, en nueve meses, crea el cerebro.,<\/p>","protected":false},"author":2,"featured_media":2254,"comment_status":"open","ping_status":"open","sticky":false,"template":"","format":"standard","meta":{"_acf_changed":false,"footnotes":""},"categories":[7],"tags":[],"class_list":["post-2249","post","type-post","status-publish","format-standard","has-post-thumbnail","hentry","category-psychological-type"],"acf":[],"yoast_head":"<!-- This site is optimized with the Yoast SEO Premium plugin v27.4 (Yoast SEO v27.4) - https:\/\/yoast.com\/product\/yoast-seo-premium-wordpress\/ -->\n<title>Extraverted Thinking in the Shadow - Life Atlas<\/title>\n<meta name=\"robots\" content=\"index, follow, max-snippet:-1, max-image-preview:large, max-video-preview:-1\" \/>\n<link rel=\"canonical\" href=\"https:\/\/yourlifeatlas.com\/es\/2025\/11\/y-en-la-sombra\/\" \/>\n<meta property=\"og:locale\" content=\"es_MX\" \/>\n<meta property=\"og:type\" content=\"article\" \/>\n<meta property=\"og:title\" content=\"Extraverted Thinking in the Shadow\" \/>\n<meta property=\"og:description\" content=\"The Miracle That Is Us Question: How many cells does it take to create a human brain? Answer: One One cell, in nine short months, creates the brain,\" \/>\n<meta property=\"og:url\" content=\"https:\/\/yourlifeatlas.com\/es\/2025\/11\/y-en-la-sombra\/\" \/>\n<meta property=\"og:site_name\" content=\"Life Atlas\" \/>\n<meta property=\"article:published_time\" content=\"2025-11-11T10:06:25+00:00\" \/>\n<meta property=\"article:modified_time\" content=\"2025-11-11T10:09:18+00:00\" \/>\n<meta property=\"og:image\" content=\"https:\/\/yourlifeatlas.com\/wp-content\/uploads\/2025\/11\/switzerland-image-4.jpg\" \/>\n\t<meta property=\"og:image:width\" content=\"1200\" \/>\n\t<meta property=\"og:image:height\" content=\"680\" \/>\n\t<meta property=\"og:image:type\" content=\"image\/jpeg\" \/>\n<meta name=\"author\" content=\"James Johnston\" \/>\n<meta name=\"twitter:card\" content=\"summary_large_image\" \/>\n<meta name=\"twitter:label1\" content=\"Escrito por\" \/>\n\t<meta name=\"twitter:data1\" content=\"James Johnston\" \/>\n\t<meta name=\"twitter:label2\" content=\"Tiempo de lectura\" \/>\n\t<meta name=\"twitter:data2\" content=\"3 minutos\" \/>\n<script type=\"application\/ld+json\" class=\"yoast-schema-graph\">{\"@context\":\"https:\\\/\\\/schema.org\",\"@graph\":[{\"@type\":\"Article\",\"@id\":\"https:\\\/\\\/yourlifeatlas.com\\\/pt\\\/2025\\\/11\\\/e-na-sombra\\\/#article\",\"isPartOf\":{\"@id\":\"https:\\\/\\\/yourlifeatlas.com\\\/pt\\\/2025\\\/11\\\/e-na-sombra\\\/\"},\"author\":{\"name\":\"James Johnston\",\"@id\":\"https:\\\/\\\/yourlifeatlas.com\\\/#\\\/schema\\\/person\\\/61357562a1bc0f3f0660e7bd63837b7d\"},\"headline\":\"Extraverted Thinking in the Shadow\",\"datePublished\":\"2025-11-11T10:06:25+00:00\",\"dateModified\":\"2025-11-11T10:09:18+00:00\",\"mainEntityOfPage\":{\"@id\":\"https:\\\/\\\/yourlifeatlas.com\\\/pt\\\/2025\\\/11\\\/e-na-sombra\\\/\"},\"wordCount\":684,\"commentCount\":0,\"image\":{\"@id\":\"https:\\\/\\\/yourlifeatlas.com\\\/pt\\\/2025\\\/11\\\/e-na-sombra\\\/#primaryimage\"},\"thumbnailUrl\":\"https:\\\/\\\/yourlifeatlas.com\\\/wp-content\\\/uploads\\\/2025\\\/11\\\/switzerland-image-4.jpg\",\"articleSection\":[\"Psychological Type\"],\"inLanguage\":\"es\",\"potentialAction\":[{\"@type\":\"CommentAction\",\"name\":\"Comment\",\"target\":[\"https:\\\/\\\/yourlifeatlas.com\\\/pt\\\/2025\\\/11\\\/e-na-sombra\\\/#respond\"]}]},{\"@type\":\"WebPage\",\"@id\":\"https:\\\/\\\/yourlifeatlas.com\\\/pt\\\/2025\\\/11\\\/e-na-sombra\\\/\",\"url\":\"https:\\\/\\\/yourlifeatlas.com\\\/pt\\\/2025\\\/11\\\/e-na-sombra\\\/\",\"name\":\"Extraverted Thinking in the Shadow - Life Atlas\",\"isPartOf\":{\"@id\":\"https:\\\/\\\/yourlifeatlas.com\\\/#website\"},\"primaryImageOfPage\":{\"@id\":\"https:\\\/\\\/yourlifeatlas.com\\\/pt\\\/2025\\\/11\\\/e-na-sombra\\\/#primaryimage\"},\"image\":{\"@id\":\"https:\\\/\\\/yourlifeatlas.com\\\/pt\\\/2025\\\/11\\\/e-na-sombra\\\/#primaryimage\"},\"thumbnailUrl\":\"https:\\\/\\\/yourlifeatlas.com\\\/wp-content\\\/uploads\\\/2025\\\/11\\\/switzerland-image-4.jpg\",\"datePublished\":\"2025-11-11T10:06:25+00:00\",\"dateModified\":\"2025-11-11T10:09:18+00:00\",\"author\":{\"@id\":\"https:\\\/\\\/yourlifeatlas.com\\\/#\\\/schema\\\/person\\\/61357562a1bc0f3f0660e7bd63837b7d\"},\"breadcrumb\":{\"@id\":\"https:\\\/\\\/yourlifeatlas.com\\\/pt\\\/2025\\\/11\\\/e-na-sombra\\\/#breadcrumb\"},\"inLanguage\":\"es\",\"potentialAction\":[{\"@type\":\"ReadAction\",\"target\":[\"https:\\\/\\\/yourlifeatlas.com\\\/pt\\\/2025\\\/11\\\/e-na-sombra\\\/\"]}]},{\"@type\":\"ImageObject\",\"inLanguage\":\"es\",\"@id\":\"https:\\\/\\\/yourlifeatlas.com\\\/pt\\\/2025\\\/11\\\/e-na-sombra\\\/#primaryimage\",\"url\":\"https:\\\/\\\/yourlifeatlas.com\\\/wp-content\\\/uploads\\\/2025\\\/11\\\/switzerland-image-4.jpg\",\"contentUrl\":\"https:\\\/\\\/yourlifeatlas.com\\\/wp-content\\\/uploads\\\/2025\\\/11\\\/switzerland-image-4.jpg\",\"width\":1200,\"height\":680},{\"@type\":\"BreadcrumbList\",\"@id\":\"https:\\\/\\\/yourlifeatlas.com\\\/pt\\\/2025\\\/11\\\/e-na-sombra\\\/#breadcrumb\",\"itemListElement\":[{\"@type\":\"ListItem\",\"position\":1,\"name\":\"Home\",\"item\":\"https:\\\/\\\/yourlifeatlas.com\\\/\"},{\"@type\":\"ListItem\",\"position\":2,\"name\":\"Extraverted Thinking in the Shadow\"}]},{\"@type\":\"WebSite\",\"@id\":\"https:\\\/\\\/yourlifeatlas.com\\\/#website\",\"url\":\"https:\\\/\\\/yourlifeatlas.com\\\/\",\"name\":\"Life Atlas\",\"description\":\"\",\"potentialAction\":[{\"@type\":\"SearchAction\",\"target\":{\"@type\":\"EntryPoint\",\"urlTemplate\":\"https:\\\/\\\/yourlifeatlas.com\\\/?s={search_term_string}\"},\"query-input\":{\"@type\":\"PropertyValueSpecification\",\"valueRequired\":true,\"valueName\":\"search_term_string\"}}],\"inLanguage\":\"es\"},{\"@type\":\"Person\",\"@id\":\"https:\\\/\\\/yourlifeatlas.com\\\/#\\\/schema\\\/person\\\/61357562a1bc0f3f0660e7bd63837b7d\",\"name\":\"James Johnston\",\"image\":{\"@type\":\"ImageObject\",\"inLanguage\":\"es\",\"@id\":\"https:\\\/\\\/secure.gravatar.com\\\/avatar\\\/102df6dd747f22072ed02fe7955e897b4eab3f8b67dc2d17e79c7cc988fea1c2?s=96&d=mm&r=g\",\"url\":\"https:\\\/\\\/secure.gravatar.com\\\/avatar\\\/102df6dd747f22072ed02fe7955e897b4eab3f8b67dc2d17e79c7cc988fea1c2?s=96&d=mm&r=g\",\"contentUrl\":\"https:\\\/\\\/secure.gravatar.com\\\/avatar\\\/102df6dd747f22072ed02fe7955e897b4eab3f8b67dc2d17e79c7cc988fea1c2?s=96&d=mm&r=g\",\"caption\":\"James Johnston\"},\"url\":\"https:\\\/\\\/yourlifeatlas.com\\\/es\\\/author\\\/jgj\\\/\"}]}<\/script>\n<!-- \/ Yoast SEO Premium plugin. -->","yoast_head_json":{"title":"Pensamiento extrovertido en la sombra - Atlas de la vida","robots":{"index":"index","follow":"follow","max-snippet":"max-snippet:-1","max-image-preview":"max-image-preview:large","max-video-preview":"max-video-preview:-1"},"canonical":"https:\/\/yourlifeatlas.com\/es\/2025\/11\/y-en-la-sombra\/","og_locale":"es_MX","og_type":"article","og_title":"Extraverted Thinking in the Shadow","og_description":"The Miracle That Is Us Question: How many cells does it take to create a human brain? Answer: One One cell, in nine short months, creates the brain,","og_url":"https:\/\/yourlifeatlas.com\/es\/2025\/11\/y-en-la-sombra\/","og_site_name":"Life Atlas","article_published_time":"2025-11-11T10:06:25+00:00","article_modified_time":"2025-11-11T10:09:18+00:00","og_image":[{"width":1200,"height":680,"url":"https:\/\/yourlifeatlas.com\/wp-content\/uploads\/2025\/11\/switzerland-image-4.jpg","type":"image\/jpeg"}],"author":"James Johnston","twitter_card":"summary_large_image","twitter_misc":{"Escrito por":"James Johnston","Tiempo de lectura":"3 minutos"},"schema":{"@context":"https:\/\/schema.org","@graph":[{"@type":"Article","@id":"https:\/\/yourlifeatlas.com\/pt\/2025\/11\/e-na-sombra\/#article","isPartOf":{"@id":"https:\/\/yourlifeatlas.com\/pt\/2025\/11\/e-na-sombra\/"},"author":{"name":"James Johnston","@id":"https:\/\/yourlifeatlas.com\/#\/schema\/person\/61357562a1bc0f3f0660e7bd63837b7d"},"headline":"Extraverted Thinking in the Shadow","datePublished":"2025-11-11T10:06:25+00:00","dateModified":"2025-11-11T10:09:18+00:00","mainEntityOfPage":{"@id":"https:\/\/yourlifeatlas.com\/pt\/2025\/11\/e-na-sombra\/"},"wordCount":684,"commentCount":0,"image":{"@id":"https:\/\/yourlifeatlas.com\/pt\/2025\/11\/e-na-sombra\/#primaryimage"},"thumbnailUrl":"https:\/\/yourlifeatlas.com\/wp-content\/uploads\/2025\/11\/switzerland-image-4.jpg","articleSection":["Psychological Type"],"inLanguage":"es","potentialAction":[{"@type":"CommentAction","name":"Comment","target":["https:\/\/yourlifeatlas.com\/pt\/2025\/11\/e-na-sombra\/#respond"]}]},{"@type":"WebPage","@id":"https:\/\/yourlifeatlas.com\/pt\/2025\/11\/e-na-sombra\/","url":"https:\/\/yourlifeatlas.com\/pt\/2025\/11\/e-na-sombra\/","name":"Pensamiento extrovertido en la sombra - Atlas de la vida","isPartOf":{"@id":"https:\/\/yourlifeatlas.com\/#website"},"primaryImageOfPage":{"@id":"https:\/\/yourlifeatlas.com\/pt\/2025\/11\/e-na-sombra\/#primaryimage"},"image":{"@id":"https:\/\/yourlifeatlas.com\/pt\/2025\/11\/e-na-sombra\/#primaryimage"},"thumbnailUrl":"https:\/\/yourlifeatlas.com\/wp-content\/uploads\/2025\/11\/switzerland-image-4.jpg","datePublished":"2025-11-11T10:06:25+00:00","dateModified":"2025-11-11T10:09:18+00:00","author":{"@id":"https:\/\/yourlifeatlas.com\/#\/schema\/person\/61357562a1bc0f3f0660e7bd63837b7d"},"breadcrumb":{"@id":"https:\/\/yourlifeatlas.com\/pt\/2025\/11\/e-na-sombra\/#breadcrumb"},"inLanguage":"es","potentialAction":[{"@type":"ReadAction","target":["https:\/\/yourlifeatlas.com\/pt\/2025\/11\/e-na-sombra\/"]}]},{"@type":"ImageObject","inLanguage":"es","@id":"https:\/\/yourlifeatlas.com\/pt\/2025\/11\/e-na-sombra\/#primaryimage","url":"https:\/\/yourlifeatlas.com\/wp-content\/uploads\/2025\/11\/switzerland-image-4.jpg","contentUrl":"https:\/\/yourlifeatlas.com\/wp-content\/uploads\/2025\/11\/switzerland-image-4.jpg","width":1200,"height":680},{"@type":"BreadcrumbList","@id":"https:\/\/yourlifeatlas.com\/pt\/2025\/11\/e-na-sombra\/#breadcrumb","itemListElement":[{"@type":"ListItem","position":1,"name":"Home","item":"https:\/\/yourlifeatlas.com\/"},{"@type":"ListItem","position":2,"name":"Extraverted Thinking in the Shadow"}]},{"@type":"WebSite","@id":"https:\/\/yourlifeatlas.com\/#website","url":"https:\/\/yourlifeatlas.com\/","name":"Atlas de la vida","description":"","potentialAction":[{"@type":"SearchAction","target":{"@type":"EntryPoint","urlTemplate":"https:\/\/yourlifeatlas.com\/?s={search_term_string}"},"query-input":{"@type":"PropertyValueSpecification","valueRequired":true,"valueName":"search_term_string"}}],"inLanguage":"es"},{"@type":"Person","@id":"https:\/\/yourlifeatlas.com\/#\/schema\/person\/61357562a1bc0f3f0660e7bd63837b7d","name":"James Johnston","image":{"@type":"ImageObject","inLanguage":"es","@id":"https:\/\/secure.gravatar.com\/avatar\/102df6dd747f22072ed02fe7955e897b4eab3f8b67dc2d17e79c7cc988fea1c2?s=96&d=mm&r=g","url":"https:\/\/secure.gravatar.com\/avatar\/102df6dd747f22072ed02fe7955e897b4eab3f8b67dc2d17e79c7cc988fea1c2?s=96&d=mm&r=g","contentUrl":"https:\/\/secure.gravatar.com\/avatar\/102df6dd747f22072ed02fe7955e897b4eab3f8b67dc2d17e79c7cc988fea1c2?s=96&d=mm&r=g","caption":"James Johnston"},"url":"https:\/\/yourlifeatlas.com\/es\/author\/jgj\/"}]}},"_links":{"self":[{"href":"https:\/\/yourlifeatlas.com\/es\/wp-json\/wp\/v2\/posts\/2249","targetHints":{"allow":["GET"]}}],"collection":[{"href":"https:\/\/yourlifeatlas.com\/es\/wp-json\/wp\/v2\/posts"}],"about":[{"href":"https:\/\/yourlifeatlas.com\/es\/wp-json\/wp\/v2\/types\/post"}],"author":[{"embeddable":true,"href":"https:\/\/yourlifeatlas.com\/es\/wp-json\/wp\/v2\/users\/2"}],"replies":[{"embeddable":true,"href":"https:\/\/yourlifeatlas.com\/es\/wp-json\/wp\/v2\/comments?post=2249"}],"version-history":[{"count":0,"href":"https:\/\/yourlifeatlas.com\/es\/wp-json\/wp\/v2\/posts\/2249\/revisions"}],"wp:featuredmedia":[{"embeddable":true,"href":"https:\/\/yourlifeatlas.com\/es\/wp-json\/wp\/v2\/media\/2254"}],"wp:attachment":[{"href":"https:\/\/yourlifeatlas.com\/es\/wp-json\/wp\/v2\/media?parent=2249"}],"wp:term":[{"taxonomy":"category","embeddable":true,"href":"https:\/\/yourlifeatlas.com\/es\/wp-json\/wp\/v2\/categories?post=2249"},{"taxonomy":"post_tag","embeddable":true,"href":"https:\/\/yourlifeatlas.com\/es\/wp-json\/wp\/v2\/tags?post=2249"}],"curies":[{"name":"wp","href":"https:\/\/api.w.org\/{rel}","templated":true}]}}