{"id":2275,"date":"2025-11-11T10:23:26","date_gmt":"2025-11-11T10:23:26","guid":{"rendered":"https:\/\/yourlifeatlas.com\/?p=2275"},"modified":"2025-11-11T10:28:29","modified_gmt":"2025-11-11T10:28:29","slug":"extraverted-feeling-in-the-shadow-ii","status":"publish","type":"post","link":"https:\/\/yourlifeatlas.com\/es\/2025\/11\/extraverted-feeling-in-the-shadow-ii\/","title":{"rendered":"Extraverted Feeling in the Shadow II"},"content":{"rendered":"<h3>J. G. Johnston<\/h3>\n<p style=\"text-align: center;\"><em><strong>\u201cOften he is gauche in his behavior, painfully anxious to escape notice, or else remarkably unconcerned and childishly naive.\u201d \u2013 C.G. Jung <\/strong><\/em><\/p>\n<p>&nbsp;<\/p>\n<p>In the last article, we reviewed the more primitive attributes of extraverted feling as a shadow type. In this article, we will consider it as a shadow projection, and also in its more destructive oppositional role to extreme one-sidedness.<\/p>\n<p>&nbsp;<\/p>\n<h4>Social Feeling (EF) as Projection<\/h4>\n<p>As a shadow\u00a0<em>projection<\/em>, extraverted feeling can cast a sour judgment onto some unlucky recipient\u2013usually a highly gregarious, relatable, socially engaged individual.\u00a0<em>Question<\/em>: Who could dislike someone so likeable?\u00a0<em>Answer<\/em>: Someone with extraverted feeling as a shadow type.<\/p>\n<p>When only meekly developed, still in an infantile, primitive form, extraverted feeling may be figuratively thrown onto others as a soiled projection. It can arrive as a depreciating decree\u2013\u201cthat person is so\u201d . . . trivial, superficial, loud, or showy.<img fetchpriority=\"high\" decoding=\"async\" class=\"size-full wp-image-2278 alignleft\" src=\"https:\/\/yourlifeatlas.com\/wp-content\/uploads\/2025\/11\/social-feeling-300x288-1.jpg\" alt=\"\" width=\"300\" height=\"288\" \/><\/p>\n<p>&nbsp;<\/p>\n<p>&nbsp;<\/p>\n<p>The person carrying EF as shadow can be \u201cgauche\u201d and \u201canxious.\u201d To avoid feelings of social awkwardness, to suppress feelings of comparative inferiority, that person may demean others more adept at social feeling.<\/p>\n<h4><\/h4>\n<h4><\/h4>\n<h4><\/h4>\n<p>&nbsp;<\/p>\n<h4>Social Feeling as Opposition to Extreme One-sidedness<\/h4>\n<p>When a person becomes overly identified with the lead disposition (usually introverted thinking) the quiet social feeling in the shadow can shed its guise as a mild kitten and become a ruinous tiger.<\/p>\n<p>No longer content to simply provide a mindful balance for the lead types, EF mobilizes to assertively attack and devalue the identity built from the lead disposition.<\/p>\n<p>Few fairy tales or stories depict this heart-rending conflict like the film \u201cThe Best Offer.\u201d Virgil, the lead character, is an obsessed, neurotic, unethical art dealer who is expert at distinguishing forgeries from original works of art. His one-sided, obsessive, arrogant identification with his work has rendered him virtually incapable of normal relationships. An unforeseen deception, orchestrated through his suppressed extraverted feeling, is arranged to destroy everything he most values.<\/p>\n<p>Such is the role of extraverted feeling as a shadow type when the conscious disposition becomes extreme\u2013it serves as a destructive combatant from the unconscious, seeking to undermine extreme one-sidedness and return the individual to a more centered and whole way of life.<\/p>\n<p>&nbsp;<\/p>\n<p><strong>J. G. Johnston<\/strong><br \/>\nAutor de <em>La br\u00fajula indispensable de Jung<\/em><\/p>\n<p><a href=\"https:\/\/yourlifeatlas.com\/es\/book\/jungs-indispensable-compass-navigating-the-dynamics-of-psychological-types\/\"><img decoding=\"async\" class=\"alignnone size-full wp-image-2201\" src=\"https:\/\/yourlifeatlas.com\/wp-content\/uploads\/2025\/11\/Jungs-Compass-Cov-er-200x300-2.png\" alt=\"\" width=\"200\" height=\"300\" \/><\/a><\/p>\n<p><em>3\/1\/2015<\/em><\/p>","protected":false},"excerpt":{"rendered":"<p>El milagro que somos. Pregunta: \u00bfCu\u00e1ntas c\u00e9lulas se necesitan para crear un cerebro humano? Respuesta: Una sola c\u00e9lula, en nueve meses, crea el cerebro.,<\/p>","protected":false},"author":2,"featured_media":2279,"comment_status":"open","ping_status":"open","sticky":false,"template":"","format":"standard","meta":{"_acf_changed":false,"footnotes":""},"categories":[7],"tags":[],"class_list":["post-2275","post","type-post","status-publish","format-standard","has-post-thumbnail","hentry","category-psychological-type"],"acf":[],"yoast_head":"<!-- This site is optimized with the Yoast SEO Premium plugin v27.4 (Yoast SEO v27.4) - https:\/\/yoast.com\/product\/yoast-seo-premium-wordpress\/ -->\n<title>Extraverted Feeling in the Shadow II - Life Atlas<\/title>\n<meta name=\"robots\" content=\"index, follow, max-snippet:-1, max-image-preview:large, max-video-preview:-1\" \/>\n<link rel=\"canonical\" href=\"https:\/\/yourlifeatlas.com\/es\/2025\/11\/extraverted-feeling-in-the-shadow-ii\/\" \/>\n<meta property=\"og:locale\" content=\"es_MX\" \/>\n<meta property=\"og:type\" content=\"article\" \/>\n<meta property=\"og:title\" content=\"Extraverted Feeling in the Shadow II\" \/>\n<meta property=\"og:description\" content=\"The Miracle That Is Us Question: How many cells does it take to create a human brain? Answer: One One cell, in nine short months, creates the brain,\" \/>\n<meta property=\"og:url\" content=\"https:\/\/yourlifeatlas.com\/es\/2025\/11\/extraverted-feeling-in-the-shadow-ii\/\" \/>\n<meta property=\"og:site_name\" content=\"Life Atlas\" \/>\n<meta property=\"article:published_time\" content=\"2025-11-11T10:23:26+00:00\" \/>\n<meta property=\"article:modified_time\" content=\"2025-11-11T10:28:29+00:00\" \/>\n<meta property=\"og:image\" content=\"https:\/\/yourlifeatlas.com\/wp-content\/uploads\/2025\/11\/switzerland-image-3-2-1.jpg\" \/>\n\t<meta property=\"og:image:width\" content=\"1080\" \/>\n\t<meta property=\"og:image:height\" content=\"621\" \/>\n\t<meta property=\"og:image:type\" content=\"image\/jpeg\" \/>\n<meta name=\"author\" content=\"James Johnston\" \/>\n<meta name=\"twitter:card\" content=\"summary_large_image\" \/>\n<meta name=\"twitter:label1\" content=\"Escrito por\" \/>\n\t<meta name=\"twitter:data1\" content=\"James Johnston\" \/>\n\t<meta name=\"twitter:label2\" content=\"Tiempo de lectura\" \/>\n\t<meta name=\"twitter:data2\" content=\"2 minutos\" \/>\n<script type=\"application\/ld+json\" class=\"yoast-schema-graph\">{\"@context\":\"https:\\\/\\\/schema.org\",\"@graph\":[{\"@type\":\"Article\",\"@id\":\"https:\\\/\\\/yourlifeatlas.com\\\/2025\\\/11\\\/extraverted-feeling-in-the-shadow-ii\\\/#article\",\"isPartOf\":{\"@id\":\"https:\\\/\\\/yourlifeatlas.com\\\/2025\\\/11\\\/extraverted-feeling-in-the-shadow-ii\\\/\"},\"author\":{\"name\":\"James Johnston\",\"@id\":\"https:\\\/\\\/yourlifeatlas.com\\\/#\\\/schema\\\/person\\\/61357562a1bc0f3f0660e7bd63837b7d\"},\"headline\":\"Extraverted Feeling in the Shadow II\",\"datePublished\":\"2025-11-11T10:23:26+00:00\",\"dateModified\":\"2025-11-11T10:28:29+00:00\",\"mainEntityOfPage\":{\"@id\":\"https:\\\/\\\/yourlifeatlas.com\\\/2025\\\/11\\\/extraverted-feeling-in-the-shadow-ii\\\/\"},\"wordCount\":381,\"commentCount\":0,\"image\":{\"@id\":\"https:\\\/\\\/yourlifeatlas.com\\\/2025\\\/11\\\/extraverted-feeling-in-the-shadow-ii\\\/#primaryimage\"},\"thumbnailUrl\":\"https:\\\/\\\/yourlifeatlas.com\\\/wp-content\\\/uploads\\\/2025\\\/11\\\/switzerland-image-3-2-1.jpg\",\"articleSection\":[\"Psychological Type\"],\"inLanguage\":\"es\",\"potentialAction\":[{\"@type\":\"CommentAction\",\"name\":\"Comment\",\"target\":[\"https:\\\/\\\/yourlifeatlas.com\\\/2025\\\/11\\\/extraverted-feeling-in-the-shadow-ii\\\/#respond\"]}]},{\"@type\":\"WebPage\",\"@id\":\"https:\\\/\\\/yourlifeatlas.com\\\/2025\\\/11\\\/extraverted-feeling-in-the-shadow-ii\\\/\",\"url\":\"https:\\\/\\\/yourlifeatlas.com\\\/2025\\\/11\\\/extraverted-feeling-in-the-shadow-ii\\\/\",\"name\":\"Extraverted Feeling in the Shadow II - Life Atlas\",\"isPartOf\":{\"@id\":\"https:\\\/\\\/yourlifeatlas.com\\\/#website\"},\"primaryImageOfPage\":{\"@id\":\"https:\\\/\\\/yourlifeatlas.com\\\/2025\\\/11\\\/extraverted-feeling-in-the-shadow-ii\\\/#primaryimage\"},\"image\":{\"@id\":\"https:\\\/\\\/yourlifeatlas.com\\\/2025\\\/11\\\/extraverted-feeling-in-the-shadow-ii\\\/#primaryimage\"},\"thumbnailUrl\":\"https:\\\/\\\/yourlifeatlas.com\\\/wp-content\\\/uploads\\\/2025\\\/11\\\/switzerland-image-3-2-1.jpg\",\"datePublished\":\"2025-11-11T10:23:26+00:00\",\"dateModified\":\"2025-11-11T10:28:29+00:00\",\"author\":{\"@id\":\"https:\\\/\\\/yourlifeatlas.com\\\/#\\\/schema\\\/person\\\/61357562a1bc0f3f0660e7bd63837b7d\"},\"breadcrumb\":{\"@id\":\"https:\\\/\\\/yourlifeatlas.com\\\/2025\\\/11\\\/extraverted-feeling-in-the-shadow-ii\\\/#breadcrumb\"},\"inLanguage\":\"es\",\"potentialAction\":[{\"@type\":\"ReadAction\",\"target\":[\"https:\\\/\\\/yourlifeatlas.com\\\/2025\\\/11\\\/extraverted-feeling-in-the-shadow-ii\\\/\"]}]},{\"@type\":\"ImageObject\",\"inLanguage\":\"es\",\"@id\":\"https:\\\/\\\/yourlifeatlas.com\\\/2025\\\/11\\\/extraverted-feeling-in-the-shadow-ii\\\/#primaryimage\",\"url\":\"https:\\\/\\\/yourlifeatlas.com\\\/wp-content\\\/uploads\\\/2025\\\/11\\\/switzerland-image-3-2-1.jpg\",\"contentUrl\":\"https:\\\/\\\/yourlifeatlas.com\\\/wp-content\\\/uploads\\\/2025\\\/11\\\/switzerland-image-3-2-1.jpg\",\"width\":1080,\"height\":621},{\"@type\":\"BreadcrumbList\",\"@id\":\"https:\\\/\\\/yourlifeatlas.com\\\/2025\\\/11\\\/extraverted-feeling-in-the-shadow-ii\\\/#breadcrumb\",\"itemListElement\":[{\"@type\":\"ListItem\",\"position\":1,\"name\":\"Home\",\"item\":\"https:\\\/\\\/yourlifeatlas.com\\\/\"},{\"@type\":\"ListItem\",\"position\":2,\"name\":\"Extraverted Feeling in the Shadow II\"}]},{\"@type\":\"WebSite\",\"@id\":\"https:\\\/\\\/yourlifeatlas.com\\\/#website\",\"url\":\"https:\\\/\\\/yourlifeatlas.com\\\/\",\"name\":\"Life Atlas\",\"description\":\"\",\"potentialAction\":[{\"@type\":\"SearchAction\",\"target\":{\"@type\":\"EntryPoint\",\"urlTemplate\":\"https:\\\/\\\/yourlifeatlas.com\\\/?s={search_term_string}\"},\"query-input\":{\"@type\":\"PropertyValueSpecification\",\"valueRequired\":true,\"valueName\":\"search_term_string\"}}],\"inLanguage\":\"es\"},{\"@type\":\"Person\",\"@id\":\"https:\\\/\\\/yourlifeatlas.com\\\/#\\\/schema\\\/person\\\/61357562a1bc0f3f0660e7bd63837b7d\",\"name\":\"James Johnston\",\"image\":{\"@type\":\"ImageObject\",\"inLanguage\":\"es\",\"@id\":\"https:\\\/\\\/secure.gravatar.com\\\/avatar\\\/102df6dd747f22072ed02fe7955e897b4eab3f8b67dc2d17e79c7cc988fea1c2?s=96&d=mm&r=g\",\"url\":\"https:\\\/\\\/secure.gravatar.com\\\/avatar\\\/102df6dd747f22072ed02fe7955e897b4eab3f8b67dc2d17e79c7cc988fea1c2?s=96&d=mm&r=g\",\"contentUrl\":\"https:\\\/\\\/secure.gravatar.com\\\/avatar\\\/102df6dd747f22072ed02fe7955e897b4eab3f8b67dc2d17e79c7cc988fea1c2?s=96&d=mm&r=g\",\"caption\":\"James Johnston\"},\"url\":\"https:\\\/\\\/yourlifeatlas.com\\\/es\\\/author\\\/jgj\\\/\"}]}<\/script>\n<!-- \/ Yoast SEO Premium plugin. -->","yoast_head_json":{"title":"Extraverted Feeling in the Shadow II - Life Atlas","robots":{"index":"index","follow":"follow","max-snippet":"max-snippet:-1","max-image-preview":"max-image-preview:large","max-video-preview":"max-video-preview:-1"},"canonical":"https:\/\/yourlifeatlas.com\/es\/2025\/11\/extraverted-feeling-in-the-shadow-ii\/","og_locale":"es_MX","og_type":"article","og_title":"Extraverted Feeling in the Shadow II","og_description":"The Miracle That Is Us Question: How many cells does it take to create a human brain? Answer: One One cell, in nine short months, creates the brain,","og_url":"https:\/\/yourlifeatlas.com\/es\/2025\/11\/extraverted-feeling-in-the-shadow-ii\/","og_site_name":"Life Atlas","article_published_time":"2025-11-11T10:23:26+00:00","article_modified_time":"2025-11-11T10:28:29+00:00","og_image":[{"width":1080,"height":621,"url":"https:\/\/yourlifeatlas.com\/wp-content\/uploads\/2025\/11\/switzerland-image-3-2-1.jpg","type":"image\/jpeg"}],"author":"James Johnston","twitter_card":"summary_large_image","twitter_misc":{"Escrito por":"James Johnston","Tiempo de lectura":"2 minutos"},"schema":{"@context":"https:\/\/schema.org","@graph":[{"@type":"Article","@id":"https:\/\/yourlifeatlas.com\/2025\/11\/extraverted-feeling-in-the-shadow-ii\/#article","isPartOf":{"@id":"https:\/\/yourlifeatlas.com\/2025\/11\/extraverted-feeling-in-the-shadow-ii\/"},"author":{"name":"James Johnston","@id":"https:\/\/yourlifeatlas.com\/#\/schema\/person\/61357562a1bc0f3f0660e7bd63837b7d"},"headline":"Extraverted Feeling in the Shadow II","datePublished":"2025-11-11T10:23:26+00:00","dateModified":"2025-11-11T10:28:29+00:00","mainEntityOfPage":{"@id":"https:\/\/yourlifeatlas.com\/2025\/11\/extraverted-feeling-in-the-shadow-ii\/"},"wordCount":381,"commentCount":0,"image":{"@id":"https:\/\/yourlifeatlas.com\/2025\/11\/extraverted-feeling-in-the-shadow-ii\/#primaryimage"},"thumbnailUrl":"https:\/\/yourlifeatlas.com\/wp-content\/uploads\/2025\/11\/switzerland-image-3-2-1.jpg","articleSection":["Psychological Type"],"inLanguage":"es","potentialAction":[{"@type":"CommentAction","name":"Comment","target":["https:\/\/yourlifeatlas.com\/2025\/11\/extraverted-feeling-in-the-shadow-ii\/#respond"]}]},{"@type":"WebPage","@id":"https:\/\/yourlifeatlas.com\/2025\/11\/extraverted-feeling-in-the-shadow-ii\/","url":"https:\/\/yourlifeatlas.com\/2025\/11\/extraverted-feeling-in-the-shadow-ii\/","name":"Extraverted Feeling in the Shadow II - Life Atlas","isPartOf":{"@id":"https:\/\/yourlifeatlas.com\/#website"},"primaryImageOfPage":{"@id":"https:\/\/yourlifeatlas.com\/2025\/11\/extraverted-feeling-in-the-shadow-ii\/#primaryimage"},"image":{"@id":"https:\/\/yourlifeatlas.com\/2025\/11\/extraverted-feeling-in-the-shadow-ii\/#primaryimage"},"thumbnailUrl":"https:\/\/yourlifeatlas.com\/wp-content\/uploads\/2025\/11\/switzerland-image-3-2-1.jpg","datePublished":"2025-11-11T10:23:26+00:00","dateModified":"2025-11-11T10:28:29+00:00","author":{"@id":"https:\/\/yourlifeatlas.com\/#\/schema\/person\/61357562a1bc0f3f0660e7bd63837b7d"},"breadcrumb":{"@id":"https:\/\/yourlifeatlas.com\/2025\/11\/extraverted-feeling-in-the-shadow-ii\/#breadcrumb"},"inLanguage":"es","potentialAction":[{"@type":"ReadAction","target":["https:\/\/yourlifeatlas.com\/2025\/11\/extraverted-feeling-in-the-shadow-ii\/"]}]},{"@type":"ImageObject","inLanguage":"es","@id":"https:\/\/yourlifeatlas.com\/2025\/11\/extraverted-feeling-in-the-shadow-ii\/#primaryimage","url":"https:\/\/yourlifeatlas.com\/wp-content\/uploads\/2025\/11\/switzerland-image-3-2-1.jpg","contentUrl":"https:\/\/yourlifeatlas.com\/wp-content\/uploads\/2025\/11\/switzerland-image-3-2-1.jpg","width":1080,"height":621},{"@type":"BreadcrumbList","@id":"https:\/\/yourlifeatlas.com\/2025\/11\/extraverted-feeling-in-the-shadow-ii\/#breadcrumb","itemListElement":[{"@type":"ListItem","position":1,"name":"Home","item":"https:\/\/yourlifeatlas.com\/"},{"@type":"ListItem","position":2,"name":"Extraverted Feeling in the Shadow II"}]},{"@type":"WebSite","@id":"https:\/\/yourlifeatlas.com\/#website","url":"https:\/\/yourlifeatlas.com\/","name":"Atlas de la vida","description":"","potentialAction":[{"@type":"SearchAction","target":{"@type":"EntryPoint","urlTemplate":"https:\/\/yourlifeatlas.com\/?s={search_term_string}"},"query-input":{"@type":"PropertyValueSpecification","valueRequired":true,"valueName":"search_term_string"}}],"inLanguage":"es"},{"@type":"Person","@id":"https:\/\/yourlifeatlas.com\/#\/schema\/person\/61357562a1bc0f3f0660e7bd63837b7d","name":"James Johnston","image":{"@type":"ImageObject","inLanguage":"es","@id":"https:\/\/secure.gravatar.com\/avatar\/102df6dd747f22072ed02fe7955e897b4eab3f8b67dc2d17e79c7cc988fea1c2?s=96&d=mm&r=g","url":"https:\/\/secure.gravatar.com\/avatar\/102df6dd747f22072ed02fe7955e897b4eab3f8b67dc2d17e79c7cc988fea1c2?s=96&d=mm&r=g","contentUrl":"https:\/\/secure.gravatar.com\/avatar\/102df6dd747f22072ed02fe7955e897b4eab3f8b67dc2d17e79c7cc988fea1c2?s=96&d=mm&r=g","caption":"James Johnston"},"url":"https:\/\/yourlifeatlas.com\/es\/author\/jgj\/"}]}},"_links":{"self":[{"href":"https:\/\/yourlifeatlas.com\/es\/wp-json\/wp\/v2\/posts\/2275","targetHints":{"allow":["GET"]}}],"collection":[{"href":"https:\/\/yourlifeatlas.com\/es\/wp-json\/wp\/v2\/posts"}],"about":[{"href":"https:\/\/yourlifeatlas.com\/es\/wp-json\/wp\/v2\/types\/post"}],"author":[{"embeddable":true,"href":"https:\/\/yourlifeatlas.com\/es\/wp-json\/wp\/v2\/users\/2"}],"replies":[{"embeddable":true,"href":"https:\/\/yourlifeatlas.com\/es\/wp-json\/wp\/v2\/comments?post=2275"}],"version-history":[{"count":0,"href":"https:\/\/yourlifeatlas.com\/es\/wp-json\/wp\/v2\/posts\/2275\/revisions"}],"wp:featuredmedia":[{"embeddable":true,"href":"https:\/\/yourlifeatlas.com\/es\/wp-json\/wp\/v2\/media\/2279"}],"wp:attachment":[{"href":"https:\/\/yourlifeatlas.com\/es\/wp-json\/wp\/v2\/media?parent=2275"}],"wp:term":[{"taxonomy":"category","embeddable":true,"href":"https:\/\/yourlifeatlas.com\/es\/wp-json\/wp\/v2\/categories?post=2275"},{"taxonomy":"post_tag","embeddable":true,"href":"https:\/\/yourlifeatlas.com\/es\/wp-json\/wp\/v2\/tags?post=2275"}],"curies":[{"name":"wp","href":"https:\/\/api.w.org\/{rel}","templated":true}]}}