{"id":2300,"date":"2025-11-11T19:52:38","date_gmt":"2025-11-11T19:52:38","guid":{"rendered":"https:\/\/yourlifeatlas.com\/?p=2300"},"modified":"2025-11-11T19:52:38","modified_gmt":"2025-11-11T19:52:38","slug":"introverted-thinking-in-the-shadow-ii","status":"publish","type":"post","link":"https:\/\/yourlifeatlas.com\/fr\/2025\/11\/introverted-thinking-in-the-shadow-ii\/","title":{"rendered":"Pens\u00e9e introvertie dans l&#039;ombre II"},"content":{"rendered":"<h3>JG Johnston<\/h3>\n<p><em><strong>La pens\u00e9e inconsciente remonte \u00e0 la surface sous forme d&#039;id\u00e9es obsessionnelles, invariablement de nature n\u00e9gative et d\u00e9valorisante \u2013 CG Jung<\/strong><\/em><\/p>\n<p>&nbsp;<\/p>\n<p>Dans le dernier article, nous avons examin\u00e9 la pens\u00e9e introvertie normale et la pens\u00e9e introvertie inconsciente. Dans cet article, nous nous int\u00e9ressons \u00e0 la pens\u00e9e introvertie telle qu&#039;elle peut \u00eatre projet\u00e9e, soit positivement (anima\/animus), soit n\u00e9gativement (projection inconsciente), ainsi qu&#039;au r\u00f4le de la pens\u00e9e introvertie inconsciente lorsque la position du moi conscient devient excessivement unilat\u00e9rale.<\/p>\n<p>&nbsp;<\/p>\n<p><strong>La pens\u00e9e introvertie (PI) comme projection<\/strong><br \/>\nLorsque la pens\u00e9e introvertie est projet\u00e9e, elle influence fortement la perception de l&#039;autre personne, de mani\u00e8re positive ou n\u00e9gative.<\/p>\n<p>&nbsp;<\/p>\n<p>Les personnes dot\u00e9es d&#039;une fonction de pens\u00e9e introvertie bien d\u00e9velopp\u00e9e recevront facilement une telle projection. Il peut s&#039;agir, par exemple, d&#039;intellectuels, de philosophes ou de scientifiques th\u00e9oriciens.<\/p>\n<p>&nbsp;<\/p>\n<p><strong>Projection positive <\/strong><br \/>\nDans les relations amoureuses, il y a le plus souvent, au d\u00e9part, une projection positive de l&#039;animus ou de l&#039;anima. Dans le cas d&#039;une projection de pens\u00e9e introvertie, l&#039;\u00eatre aim\u00e9 est per\u00e7u comme le partenaire omniscient, le physicien de g\u00e9nie ou l&#039;intellectuel avec lequel on peut avoir de longues conversations sur la nature de la r\u00e9alit\u00e9.<\/p>\n<p>&nbsp;<\/p>\n<p>Mais dans d&#039;autres types de relations, ce ph\u00e9nom\u00e8ne de projection peut \u00e9galement se produire, par exemple dans la relation \u00e9l\u00e8ve-professeur ou en amiti\u00e9. Un \u00e9l\u00e8ve peut admirer l&#039;\u00e9tendue et la profondeur des connaissances de son professeur. Cette admiration peut alors jouer un r\u00f4le positif, en stimulant l&#039;apprentissage et en l&#039;incitant \u00e0 atteindre le m\u00eame niveau que son professeur.<\/p>\n<p>&nbsp;<\/p>\n<p><strong>Projection n\u00e9gative<\/strong><br \/>\nComme la profondeur de ce type de pens\u00e9e ne peut \u00eatre facilement saisie, la personne qui re\u00e7oit la projection de l&#039;ombre peut \u00e9galement \u00eatre per\u00e7ue de mani\u00e8re n\u00e9gative.<\/p>\n<p>&nbsp;<\/p>\n<p>Il peut \u00eatre aga\u00e7ant parce qu&#039;il est toujours plong\u00e9 dans ses livres, \u00e0 lire des th\u00e9ories complexes. Ou bien il peut para\u00eetre \u00e9motionnellement distant, arrogant et froid, ou trop \u00e9loign\u00e9 des r\u00e9alit\u00e9s pratiques de la vie.<\/p>\n<p>&nbsp;<\/p>\n<p><strong>La pens\u00e9e introvertie comme opposition \u00e0 l&#039;unilat\u00e9ralisme extr\u00eame<\/strong><br \/>\nLe sentiment extraverti est souvent le type conscient auquel la pens\u00e9e introvertie s&#039;oppose depuis l&#039;ombre.<\/p>\n<p>&nbsp;<\/p>\n<p>\u201c Le type extraverti sentimental n\u2019aime pas r\u00e9fl\u00e9chir, et ce qu\u2019il d\u00e9teste le plus, c\u2019est la pens\u00e9e introvertie \u2013 la r\u00e9flexion sur les principes philosophiques, les abstractions ou les questions fondamentales de la vie. Ces questions profondes sont soigneusement \u00e9vit\u00e9es\u2026 Le plus regrettable, c\u2019est qu\u2019il y pense, mais sans s\u2019en rendre compte, et comme sa pens\u00e9e est n\u00e9glig\u00e9e, elle tend \u00e0 devenir n\u00e9gative et grossi\u00e8re \u201d (von Franz, 1986).<\/p>\n<p>&nbsp;<\/p>\n<p>Parce que ces personnes ne se donnent pas l&#039;occasion de r\u00e9fl\u00e9chir pos\u00e9ment, elles peuvent d\u00e9velopper une \u201c philosophie de vie n\u00e9gative et cynique \u201d (ibid.). Pour illustrer ce propos, von Franz donne l&#039;exemple d&#039;une cliente qui s&#039;est surprise \u00e0 penser : \u201c Si mon gendre mourait, ma fille reviendrait \u00e0 la maison. \u201d Ces pens\u00e9es \u00e9taient li\u00e9es \u00e0 une question philosophique plus profonde qu&#039;elle n&#039;avait jamais abord\u00e9e : la vie a-t-elle encore un sens une fois les enfants partis du foyer ?<\/p>\n<p>&nbsp;<\/p>\n<p>Une personne qui refoule sa pens\u00e9e introvertie peut afficher un \u00e9ventail th\u00e9\u00e2tral d&#039;\u00e9motions superficielles et ignorer les niveaux plus profonds de la r\u00e9alit\u00e9.<\/p>\n<p>&nbsp;<\/p>\n<p>Lorsqu&#039;une personne s&#039;identifie excessivement \u00e0 une identit\u00e9 associ\u00e9e au sentiment extraverti, la pens\u00e9e introvertie sous-d\u00e9velopp\u00e9e cesse d&#039;offrir une compensation saine ; elle devient destructrice.<\/p>\n<p>&nbsp;<\/p>\n<p>La pens\u00e9e introvertie, celle qui permettrait d&#039;ordonner logiquement les images \u00e0 mesure qu&#039;elles \u00e9mergent de l&#039;inconscient, se trouve d\u00e9form\u00e9e et applique une logique tordue, \u201c attaquant \u201d la capacit\u00e9 de la personne \u00e0 se connecter de mani\u00e8re affective au monde ext\u00e9rieur.<\/p>\n<p>&nbsp;<\/p>\n<p>\u201c\u00a0La pens\u00e9e du type \u201c\u00a0rien que\u00a0\u201d prend ici tout son sens, puisqu\u2019elle neutralise efficacement tous les sentiments li\u00e9s aux objets. La pens\u00e9e inconsciente remonte \u00e0 la surface sous la forme d\u2019id\u00e9es obsessionnelles invariablement de nature n\u00e9gative et d\u00e9valorisante\u00a0\u201d (CG Jung, CW 6, par. 600).<\/p>\n<p>&nbsp;<\/p>\n<p>Au niveau collectif, on pourrait trouver un exemple de la dimension vorace de la pens\u00e9e introvertie tapie dans l&#039;ombre chez les fondamentalistes religieux\u00a0; d\u00e9fendant avec acharnement les principes inflexibles de leurs croyances, ils peuvent se lancer dans des \u201c\u00a0chasse aux sorci\u00e8res\u00a0\u201d pour pers\u00e9cuter les libres penseurs et les esprits cr\u00e9atifs qui, g\u00e9n\u00e9ralement, se rebellent contre le dogme collectif. Giordano Bruno, le brillant philosophe et po\u00e8te de la Renaissance br\u00fbl\u00e9 vif par des conservateurs religieux, ne serait qu&#039;un exemple parmi tant d&#039;autres de ces projections voraces de l&#039;ombre.<\/p>\n<p>&nbsp;<\/p>\n<p><strong>JG Johnston<\/strong><br \/>\n<strong>Auteur de La boussole indispensable de Jung<\/strong><\/p>\n<p><img decoding=\"async\" src=\"https:\/\/yourlifeatlas.com\/wp-content\/uploads\/2025\/11\/Jungs-Compass-Cov-er-200x300-1.png\" alt=\"book image\" \/><\/p>","protected":false},"excerpt":{"rendered":"<p>La pens\u00e9e inconsciente remonte \u00e0 la surface sous forme d&#039;id\u00e9es obsessionnelles, invariablement de nature n\u00e9gative et d\u00e9valorisante \u2013 CG Jung<\/p>","protected":false},"author":2,"featured_media":2310,"comment_status":"open","ping_status":"open","sticky":false,"template":"","format":"standard","meta":{"_acf_changed":false,"footnotes":""},"categories":[7],"tags":[],"class_list":["post-2300","post","type-post","status-publish","format-standard","has-post-thumbnail","hentry","category-psychological-type"],"acf":[],"yoast_head":"<!-- This site is optimized with the Yoast SEO Premium plugin v27.4 (Yoast SEO v27.4) - https:\/\/yoast.com\/product\/yoast-seo-premium-wordpress\/ -->\n<title>Introverted Thinking in the Shadow II - Life Atlas<\/title>\n<meta name=\"robots\" content=\"index, follow, max-snippet:-1, max-image-preview:large, max-video-preview:-1\" \/>\n<link rel=\"canonical\" href=\"https:\/\/yourlifeatlas.com\/fr\/2025\/11\/introverted-thinking-in-the-shadow-ii\/\" \/>\n<meta property=\"og:locale\" content=\"fr_FR\" \/>\n<meta property=\"og:type\" content=\"article\" \/>\n<meta property=\"og:title\" content=\"Introverted Thinking in the Shadow II\" \/>\n<meta property=\"og:description\" content=\"The unconscious thinking reaches the surface in the form of obsessive ideas which are invariably of a negative and depreciatory character \u2013 C.G. Jung In\" \/>\n<meta property=\"og:url\" content=\"https:\/\/yourlifeatlas.com\/fr\/2025\/11\/introverted-thinking-in-the-shadow-ii\/\" \/>\n<meta property=\"og:site_name\" content=\"Life Atlas\" \/>\n<meta property=\"article:published_time\" content=\"2025-11-11T19:52:38+00:00\" \/>\n<meta property=\"og:image\" content=\"https:\/\/yourlifeatlas.com\/wp-content\/uploads\/2025\/11\/psychological-type-image-07.jpg\" \/>\n\t<meta property=\"og:image:width\" content=\"1000\" \/>\n\t<meta property=\"og:image:height\" content=\"500\" \/>\n\t<meta property=\"og:image:type\" content=\"image\/jpeg\" \/>\n<meta name=\"author\" content=\"James Johnston\" \/>\n<meta name=\"twitter:card\" content=\"summary_large_image\" \/>\n<meta name=\"twitter:label1\" content=\"\u00c9crit par\" \/>\n\t<meta name=\"twitter:data1\" content=\"James Johnston\" \/>\n\t<meta name=\"twitter:label2\" content=\"Dur\u00e9e de lecture estim\u00e9e\" \/>\n\t<meta name=\"twitter:data2\" content=\"4 minutes\" \/>\n<script type=\"application\/ld+json\" class=\"yoast-schema-graph\">{\"@context\":\"https:\\\/\\\/schema.org\",\"@graph\":[{\"@type\":\"Article\",\"@id\":\"https:\\\/\\\/yourlifeatlas.com\\\/2025\\\/11\\\/introverted-thinking-in-the-shadow-ii\\\/#article\",\"isPartOf\":{\"@id\":\"https:\\\/\\\/yourlifeatlas.com\\\/2025\\\/11\\\/introverted-thinking-in-the-shadow-ii\\\/\"},\"author\":{\"name\":\"James Johnston\",\"@id\":\"https:\\\/\\\/yourlifeatlas.com\\\/#\\\/schema\\\/person\\\/61357562a1bc0f3f0660e7bd63837b7d\"},\"headline\":\"Introverted Thinking in the Shadow II\",\"datePublished\":\"2025-11-11T19:52:38+00:00\",\"mainEntityOfPage\":{\"@id\":\"https:\\\/\\\/yourlifeatlas.com\\\/2025\\\/11\\\/introverted-thinking-in-the-shadow-ii\\\/\"},\"wordCount\":714,\"commentCount\":0,\"image\":{\"@id\":\"https:\\\/\\\/yourlifeatlas.com\\\/2025\\\/11\\\/introverted-thinking-in-the-shadow-ii\\\/#primaryimage\"},\"thumbnailUrl\":\"https:\\\/\\\/yourlifeatlas.com\\\/wp-content\\\/uploads\\\/2025\\\/11\\\/psychological-type-image-07.jpg\",\"articleSection\":[\"Psychological Type\"],\"inLanguage\":\"fr-FR\",\"potentialAction\":[{\"@type\":\"CommentAction\",\"name\":\"Comment\",\"target\":[\"https:\\\/\\\/yourlifeatlas.com\\\/2025\\\/11\\\/introverted-thinking-in-the-shadow-ii\\\/#respond\"]}]},{\"@type\":\"WebPage\",\"@id\":\"https:\\\/\\\/yourlifeatlas.com\\\/2025\\\/11\\\/introverted-thinking-in-the-shadow-ii\\\/\",\"url\":\"https:\\\/\\\/yourlifeatlas.com\\\/2025\\\/11\\\/introverted-thinking-in-the-shadow-ii\\\/\",\"name\":\"Introverted Thinking in the Shadow II - Life Atlas\",\"isPartOf\":{\"@id\":\"https:\\\/\\\/yourlifeatlas.com\\\/#website\"},\"primaryImageOfPage\":{\"@id\":\"https:\\\/\\\/yourlifeatlas.com\\\/2025\\\/11\\\/introverted-thinking-in-the-shadow-ii\\\/#primaryimage\"},\"image\":{\"@id\":\"https:\\\/\\\/yourlifeatlas.com\\\/2025\\\/11\\\/introverted-thinking-in-the-shadow-ii\\\/#primaryimage\"},\"thumbnailUrl\":\"https:\\\/\\\/yourlifeatlas.com\\\/wp-content\\\/uploads\\\/2025\\\/11\\\/psychological-type-image-07.jpg\",\"datePublished\":\"2025-11-11T19:52:38+00:00\",\"author\":{\"@id\":\"https:\\\/\\\/yourlifeatlas.com\\\/#\\\/schema\\\/person\\\/61357562a1bc0f3f0660e7bd63837b7d\"},\"breadcrumb\":{\"@id\":\"https:\\\/\\\/yourlifeatlas.com\\\/2025\\\/11\\\/introverted-thinking-in-the-shadow-ii\\\/#breadcrumb\"},\"inLanguage\":\"fr-FR\",\"potentialAction\":[{\"@type\":\"ReadAction\",\"target\":[\"https:\\\/\\\/yourlifeatlas.com\\\/2025\\\/11\\\/introverted-thinking-in-the-shadow-ii\\\/\"]}]},{\"@type\":\"ImageObject\",\"inLanguage\":\"fr-FR\",\"@id\":\"https:\\\/\\\/yourlifeatlas.com\\\/2025\\\/11\\\/introverted-thinking-in-the-shadow-ii\\\/#primaryimage\",\"url\":\"https:\\\/\\\/yourlifeatlas.com\\\/wp-content\\\/uploads\\\/2025\\\/11\\\/psychological-type-image-07.jpg\",\"contentUrl\":\"https:\\\/\\\/yourlifeatlas.com\\\/wp-content\\\/uploads\\\/2025\\\/11\\\/psychological-type-image-07.jpg\",\"width\":1000,\"height\":500},{\"@type\":\"BreadcrumbList\",\"@id\":\"https:\\\/\\\/yourlifeatlas.com\\\/2025\\\/11\\\/introverted-thinking-in-the-shadow-ii\\\/#breadcrumb\",\"itemListElement\":[{\"@type\":\"ListItem\",\"position\":1,\"name\":\"Home\",\"item\":\"https:\\\/\\\/yourlifeatlas.com\\\/\"},{\"@type\":\"ListItem\",\"position\":2,\"name\":\"Introverted Thinking in the Shadow II\"}]},{\"@type\":\"WebSite\",\"@id\":\"https:\\\/\\\/yourlifeatlas.com\\\/#website\",\"url\":\"https:\\\/\\\/yourlifeatlas.com\\\/\",\"name\":\"Life Atlas\",\"description\":\"\",\"potentialAction\":[{\"@type\":\"SearchAction\",\"target\":{\"@type\":\"EntryPoint\",\"urlTemplate\":\"https:\\\/\\\/yourlifeatlas.com\\\/?s={search_term_string}\"},\"query-input\":{\"@type\":\"PropertyValueSpecification\",\"valueRequired\":true,\"valueName\":\"search_term_string\"}}],\"inLanguage\":\"fr-FR\"},{\"@type\":\"Person\",\"@id\":\"https:\\\/\\\/yourlifeatlas.com\\\/#\\\/schema\\\/person\\\/61357562a1bc0f3f0660e7bd63837b7d\",\"name\":\"James Johnston\",\"image\":{\"@type\":\"ImageObject\",\"inLanguage\":\"fr-FR\",\"@id\":\"https:\\\/\\\/secure.gravatar.com\\\/avatar\\\/102df6dd747f22072ed02fe7955e897b4eab3f8b67dc2d17e79c7cc988fea1c2?s=96&d=mm&r=g\",\"url\":\"https:\\\/\\\/secure.gravatar.com\\\/avatar\\\/102df6dd747f22072ed02fe7955e897b4eab3f8b67dc2d17e79c7cc988fea1c2?s=96&d=mm&r=g\",\"contentUrl\":\"https:\\\/\\\/secure.gravatar.com\\\/avatar\\\/102df6dd747f22072ed02fe7955e897b4eab3f8b67dc2d17e79c7cc988fea1c2?s=96&d=mm&r=g\",\"caption\":\"James Johnston\"},\"url\":\"https:\\\/\\\/yourlifeatlas.com\\\/fr\\\/author\\\/jgj\\\/\"}]}<\/script>\n<!-- \/ Yoast SEO Premium plugin. -->","yoast_head_json":{"title":"Pens\u00e9e introvertie dans l&#039;ombre II - Atlas de la vie","robots":{"index":"index","follow":"follow","max-snippet":"max-snippet:-1","max-image-preview":"max-image-preview:large","max-video-preview":"max-video-preview:-1"},"canonical":"https:\/\/yourlifeatlas.com\/fr\/2025\/11\/introverted-thinking-in-the-shadow-ii\/","og_locale":"fr_FR","og_type":"article","og_title":"Introverted Thinking in the Shadow II","og_description":"The unconscious thinking reaches the surface in the form of obsessive ideas which are invariably of a negative and depreciatory character \u2013 C.G. Jung In","og_url":"https:\/\/yourlifeatlas.com\/fr\/2025\/11\/introverted-thinking-in-the-shadow-ii\/","og_site_name":"Life Atlas","article_published_time":"2025-11-11T19:52:38+00:00","og_image":[{"width":1000,"height":500,"url":"https:\/\/yourlifeatlas.com\/wp-content\/uploads\/2025\/11\/psychological-type-image-07.jpg","type":"image\/jpeg"}],"author":"James Johnston","twitter_card":"summary_large_image","twitter_misc":{"\u00c9crit par":"James Johnston","Dur\u00e9e de lecture estim\u00e9e":"4 minutes"},"schema":{"@context":"https:\/\/schema.org","@graph":[{"@type":"Article","@id":"https:\/\/yourlifeatlas.com\/2025\/11\/introverted-thinking-in-the-shadow-ii\/#article","isPartOf":{"@id":"https:\/\/yourlifeatlas.com\/2025\/11\/introverted-thinking-in-the-shadow-ii\/"},"author":{"name":"James Johnston","@id":"https:\/\/yourlifeatlas.com\/#\/schema\/person\/61357562a1bc0f3f0660e7bd63837b7d"},"headline":"Introverted Thinking in the Shadow II","datePublished":"2025-11-11T19:52:38+00:00","mainEntityOfPage":{"@id":"https:\/\/yourlifeatlas.com\/2025\/11\/introverted-thinking-in-the-shadow-ii\/"},"wordCount":714,"commentCount":0,"image":{"@id":"https:\/\/yourlifeatlas.com\/2025\/11\/introverted-thinking-in-the-shadow-ii\/#primaryimage"},"thumbnailUrl":"https:\/\/yourlifeatlas.com\/wp-content\/uploads\/2025\/11\/psychological-type-image-07.jpg","articleSection":["Psychological Type"],"inLanguage":"fr-FR","potentialAction":[{"@type":"CommentAction","name":"Comment","target":["https:\/\/yourlifeatlas.com\/2025\/11\/introverted-thinking-in-the-shadow-ii\/#respond"]}]},{"@type":"WebPage","@id":"https:\/\/yourlifeatlas.com\/2025\/11\/introverted-thinking-in-the-shadow-ii\/","url":"https:\/\/yourlifeatlas.com\/2025\/11\/introverted-thinking-in-the-shadow-ii\/","name":"Pens\u00e9e introvertie dans l&#039;ombre II - Atlas de la vie","isPartOf":{"@id":"https:\/\/yourlifeatlas.com\/#website"},"primaryImageOfPage":{"@id":"https:\/\/yourlifeatlas.com\/2025\/11\/introverted-thinking-in-the-shadow-ii\/#primaryimage"},"image":{"@id":"https:\/\/yourlifeatlas.com\/2025\/11\/introverted-thinking-in-the-shadow-ii\/#primaryimage"},"thumbnailUrl":"https:\/\/yourlifeatlas.com\/wp-content\/uploads\/2025\/11\/psychological-type-image-07.jpg","datePublished":"2025-11-11T19:52:38+00:00","author":{"@id":"https:\/\/yourlifeatlas.com\/#\/schema\/person\/61357562a1bc0f3f0660e7bd63837b7d"},"breadcrumb":{"@id":"https:\/\/yourlifeatlas.com\/2025\/11\/introverted-thinking-in-the-shadow-ii\/#breadcrumb"},"inLanguage":"fr-FR","potentialAction":[{"@type":"ReadAction","target":["https:\/\/yourlifeatlas.com\/2025\/11\/introverted-thinking-in-the-shadow-ii\/"]}]},{"@type":"ImageObject","inLanguage":"fr-FR","@id":"https:\/\/yourlifeatlas.com\/2025\/11\/introverted-thinking-in-the-shadow-ii\/#primaryimage","url":"https:\/\/yourlifeatlas.com\/wp-content\/uploads\/2025\/11\/psychological-type-image-07.jpg","contentUrl":"https:\/\/yourlifeatlas.com\/wp-content\/uploads\/2025\/11\/psychological-type-image-07.jpg","width":1000,"height":500},{"@type":"BreadcrumbList","@id":"https:\/\/yourlifeatlas.com\/2025\/11\/introverted-thinking-in-the-shadow-ii\/#breadcrumb","itemListElement":[{"@type":"ListItem","position":1,"name":"Home","item":"https:\/\/yourlifeatlas.com\/"},{"@type":"ListItem","position":2,"name":"Introverted Thinking in the Shadow II"}]},{"@type":"WebSite","@id":"https:\/\/yourlifeatlas.com\/#website","url":"https:\/\/yourlifeatlas.com\/","name":"Atlas de la vie","description":"","potentialAction":[{"@type":"SearchAction","target":{"@type":"EntryPoint","urlTemplate":"https:\/\/yourlifeatlas.com\/?s={search_term_string}"},"query-input":{"@type":"PropertyValueSpecification","valueRequired":true,"valueName":"search_term_string"}}],"inLanguage":"fr-FR"},{"@type":"Person","@id":"https:\/\/yourlifeatlas.com\/#\/schema\/person\/61357562a1bc0f3f0660e7bd63837b7d","name":"James Johnston","image":{"@type":"ImageObject","inLanguage":"fr-FR","@id":"https:\/\/secure.gravatar.com\/avatar\/102df6dd747f22072ed02fe7955e897b4eab3f8b67dc2d17e79c7cc988fea1c2?s=96&d=mm&r=g","url":"https:\/\/secure.gravatar.com\/avatar\/102df6dd747f22072ed02fe7955e897b4eab3f8b67dc2d17e79c7cc988fea1c2?s=96&d=mm&r=g","contentUrl":"https:\/\/secure.gravatar.com\/avatar\/102df6dd747f22072ed02fe7955e897b4eab3f8b67dc2d17e79c7cc988fea1c2?s=96&d=mm&r=g","caption":"James Johnston"},"url":"https:\/\/yourlifeatlas.com\/fr\/author\/jgj\/"}]}},"_links":{"self":[{"href":"https:\/\/yourlifeatlas.com\/fr\/wp-json\/wp\/v2\/posts\/2300","targetHints":{"allow":["GET"]}}],"collection":[{"href":"https:\/\/yourlifeatlas.com\/fr\/wp-json\/wp\/v2\/posts"}],"about":[{"href":"https:\/\/yourlifeatlas.com\/fr\/wp-json\/wp\/v2\/types\/post"}],"author":[{"embeddable":true,"href":"https:\/\/yourlifeatlas.com\/fr\/wp-json\/wp\/v2\/users\/2"}],"replies":[{"embeddable":true,"href":"https:\/\/yourlifeatlas.com\/fr\/wp-json\/wp\/v2\/comments?post=2300"}],"version-history":[{"count":0,"href":"https:\/\/yourlifeatlas.com\/fr\/wp-json\/wp\/v2\/posts\/2300\/revisions"}],"wp:featuredmedia":[{"embeddable":true,"href":"https:\/\/yourlifeatlas.com\/fr\/wp-json\/wp\/v2\/media\/2310"}],"wp:attachment":[{"href":"https:\/\/yourlifeatlas.com\/fr\/wp-json\/wp\/v2\/media?parent=2300"}],"wp:term":[{"taxonomy":"category","embeddable":true,"href":"https:\/\/yourlifeatlas.com\/fr\/wp-json\/wp\/v2\/categories?post=2300"},{"taxonomy":"post_tag","embeddable":true,"href":"https:\/\/yourlifeatlas.com\/fr\/wp-json\/wp\/v2\/tags?post=2300"}],"curies":[{"name":"wp","href":"https:\/\/api.w.org\/{rel}","templated":true}]}}