{"id":2157,"date":"2025-11-10T20:15:10","date_gmt":"2025-11-10T20:15:10","guid":{"rendered":"https:\/\/yourlifeatlas.com\/?p=2157"},"modified":"2025-11-10T20:19:31","modified_gmt":"2025-11-10T20:19:31","slug":"a-relacao-entre-a-sombra-do-ego-e-a-psicologia-de-c-g-jung","status":"publish","type":"post","link":"https:\/\/yourlifeatlas.com\/pt\/2025\/11\/the-relationship-of-ego-shadow-in-c-g-jungs-psychology\/","title":{"rendered":"A rela\u00e7\u00e3o entre ego e sombra na psicologia de C.G. Jung"},"content":{"rendered":"<h3>JG Johnston<\/h3>\n<p>O psiquiatra su\u00ed\u00e7o e fundador da psicologia anal\u00edtica, C.G. Jung, deu contribui\u00e7\u00f5es significativas para a compreens\u00e3o da psique humana. Entre seus muitos conceitos inovadores, est\u00e1 a no\u00e7\u00e3o de &quot;ego&quot; e &quot;sombra&quot;.\u201c<\/p>\n<p>&nbsp;<\/p>\n<p>Na psicologia junguiana, esses dois conceitos desempenham um papel fundamental no processo de individua\u00e7\u00e3o \u2014 a autorrealiza\u00e7\u00e3o e a integridade psicol\u00f3gica de uma personalidade unificada. Compreender a rela\u00e7\u00e3o entre o ego e a sombra proporciona um acesso valioso \u00e0s profundas percep\u00e7\u00f5es de Jung sobre o comportamento humano e o desenvolvimento pessoal.<\/p>\n<p>&nbsp;<\/p>\n<p><strong>O Ego: O Centro da Consci\u00eancia<\/strong><\/p>\n<p>Na psicologia junguiana, o ego representa o centro da consci\u00eancia normal. \u00c9 a parte da nossa psique com a qual normalmente nos identificamos como &quot;eu&quot; \u2014 o indiv\u00edduo encarnado num mundo com outros indiv\u00edduos. O ego \u00e9 a nossa identidade consciente, o aspecto da nossa personalidade que apresentamos ao mundo exterior, muitas vezes manifestando-se atrav\u00e9s de uma persona \u2014 ou m\u00e1scara social.<\/p>\n<p>&nbsp;<\/p>\n<p>O ego, o pr\u00f3prio centro da consci\u00eancia, \u00e9 essencial para navegarmos na vida cotidiana. Ele nos ajuda a tomar decis\u00f5es, interagir com os outros e nos adaptar a diversas situa\u00e7\u00f5es. Mas uma vida dedicada exclusivamente \u00e0 identidade do ego pode levar a problemas; o ego tende a se tornar inflado, r\u00edgido e desconectado de outros elementos vitais de uma psique din\u00e2mica.<\/p>\n<p>&nbsp;<\/p>\n<p>Poder\u00edamos dizer que o ego \u00e9 a nossa identidade subjetiva \u2014 quem consideramos ser. A sombra \u00e9 o &quot;outro&quot; dentro de n\u00f3s que podemos considerar a identidade objetiva \u2014 aquela incompat\u00edvel com a identidade do ego, que nos recusamos a reconhecer como parte de n\u00f3s.<\/p>\n<p>&nbsp;<\/p>\n<p><strong>A Sombra: O Outro Inconsciente<\/strong><\/p>\n<p>A sombra engloba tudo aquilo que existe dentro de n\u00f3s e que n\u00e3o aceitamos, reconhecemos ou integramos como parte da nossa identidade consciente. A sombra pode incluir impulsos, desejos, medos e aspectos de n\u00f3s mesmos que a sociedade ou a nossa educa\u00e7\u00e3o nos ensinaram a reprimir ou negar. Em termos de tipos psicol\u00f3gicos, s\u00e3o os tipos menos desenvolvidos e menos acess\u00edveis.<\/p>\n<p>&nbsp;<\/p>\n<p>A sombra n\u00e3o \u00e9 inerentemente negativa; ela cont\u00e9m elementos tanto positivos quanto negativos. \u00c9 um reservat\u00f3rio de potencial e criatividade inexplorados e, ao mesmo tempo, um reservat\u00f3rio de conflitos n\u00e3o resolvidos e bagagem emocional. Acolher e integrar a sombra \u00e9 essencial para o crescimento psicol\u00f3gico e a individua\u00e7\u00e3o.<\/p>\n<p>&nbsp;<\/p>\n<p><strong>A Dan\u00e7a do Ego e da Sombra<\/strong><\/p>\n<p>A rela\u00e7\u00e3o entre o ego e a sombra \u00e9 sincr\u00f4nica e din\u00e2mica. Quanto mais o ego, com sua identidade estabelecida, nega ou rejeita os impulsos da sombra, mais a sombra dominar\u00e1 a vida da pessoa. &quot;Aquilo a que voc\u00ea resiste, persiste&quot;, como Jung disse certa vez. A identidade projetada pelo ego \u2014 a persona \u2014 \u00e9 um impedimento \u00e0 individua\u00e7\u00e3o, pois \u00e9 uma identidade artificial criada para navegar com sucesso em uma vida social harmoniosa com os outros. Para manter a estrutura dessa identidade artificial, ela precisa rejeitar tudo o que n\u00e3o se encaixa nela.<\/p>\n<p>&nbsp;<\/p>\n<p>A rejei\u00e7\u00e3o leva a uma cis\u00e3o na psique. Os aspectos rejeitados do indiv\u00edduo, alojados na sombra, exercem uma influ\u00eancia inconsciente sobre os pensamentos e o comportamento. Podem prevalecer, minando a vida consciente do indiv\u00edduo. Uma identidade do ego altamente racional pode apresentar acessos irracionais e perturba\u00e7\u00f5es emocionais inexplic\u00e1veis. Outros podem ser menosprezados por possu\u00edrem aspectos daquilo que \u00e9 negado na sombra. As \u201cproje\u00e7\u00f5es da sombra\u201d manifestam-se como julgamentos, preconceitos e rea\u00e7\u00f5es irracionais.<\/p>\n<p>&nbsp;<\/p>\n<p>Nessas circunst\u00e2ncias, o indiv\u00edduo \u00e9 chamado a primeiro &quot;remover a trave do pr\u00f3prio olho antes de remover o cisco do olho alheio&quot;. A psicologia de Jung, por meio de v\u00e1rios modos de autorreflex\u00e3o, permite ao indiv\u00edduo encontrar a &quot;trave&quot; que est\u00e1 impedindo a vis\u00e3o clara de sua totalidade.<\/p>\n<p>&nbsp;<\/p>\n<p>O objetivo \u00e9 integrar as partes fragmentadas da sombra ao indiv\u00edduo como um todo. \u00c0 medida que isso ocorre, gradualmente ao longo do tempo, a personalidade unificada come\u00e7a a emergir e a suplantar a identidade superficial da persona. A pessoa torna-se mais aut\u00eantica e real.<\/p>\n<p>&nbsp;<\/p>\n<p>O processo exige aten\u00e7\u00e3o e trabalho \u2014 n\u00e3o se pode mais viver a vida de forma t\u00e3o \u201cinconsciente\u201d \u2014 mas h\u00e1 muitos benef\u00edcios nesse processo de se tornar \u201c\u00edntegro\u201d.\u201d<\/p>\n<p>&nbsp;<\/p>\n<ul>\n<li><strong>Aumento da autoconsci\u00eancia:<\/strong> Integrar a sombra ajuda a tomar maior consci\u00eancia dos conflitos internos, impulsos e antagonismos intermin\u00e1veis.<\/li>\n<li><strong>Equil\u00edbrio emocional:<\/strong> Acolher a sombra pode reduzir a turbul\u00eancia interior que busca resolu\u00e7\u00e3o. Oscila\u00e7\u00f5es de humor, ansiedade ou depress\u00e3o que antes dominavam a pessoa come\u00e7am a se dissipar.<\/li>\n<li><strong>Relacionamentos aprimorados:<\/strong> Quando as pessoas reconhecem sua sombra, tornam-se menos propensas a projetar seus problemas n\u00e3o resolvidos nos outros. Isso &quot;limpa o ar&quot;, criando um ambiente prop\u00edcio para relacionamentos mais saud\u00e1veis e aut\u00eanticos.<\/li>\n<li><strong>Criatividade e Plenitude:<\/strong> A sombra muitas vezes cont\u00e9m um potencial criativo inexplorado. Ao reconhecer e integrar os elementos da sombra, a pessoa ganha acesso a um novo potencial criativo e a uma sensa\u00e7\u00e3o mais ampla de plenitude.<\/li>\n<li><strong>Crescimento espiritual:<\/strong> Jung reconheceu a presen\u00e7a do numinoso na vida do indiv\u00edduo \u2014 uma esp\u00e9cie de esplendor divino que ele denominou &quot;Si mesmo&quot;, termo emprestado dos Upanishads hindus. O Si mesmo \u00e9 o centro e a circunfer\u00eancia de toda a personalidade individual; sua circunfer\u00eancia inclui tanto o ego quanto a sombra, e a integra\u00e7\u00e3o de ambos \u00e9 fundamental para alinhar o crescimento pessoal em evolu\u00e7\u00e3o com a influ\u00eancia desse Guia espiritual.<\/li>\n<\/ul>\n<p>&nbsp;<\/p>\n<p>Na psicologia de C.G. Jung, a rela\u00e7\u00e3o entre o ego e a sombra \u00e9 fundamental para a compreens\u00e3o do comportamento humano e do crescimento pessoal. Abra\u00e7ar a sombra nem sempre \u00e9 uma tarefa f\u00e1cil. Pode exigir muita humildade, consci\u00eancia emocional e autorreflex\u00e3o, mas \u00e9 um caminho necess\u00e1rio para alcan\u00e7ar a plenitude e o bem-estar pessoal \u2014 a unifica\u00e7\u00e3o da personalidade \u00fanica em sua totalidade.<\/p>\n<p>&nbsp;<\/p>\n<p><strong>JG Johnston<\/strong> \u00e9 o autor de <strong>B\u00fassola Indispens\u00e1vel de Jung<\/strong>, Navegando pela din\u00e2mica dos tipos psicol\u00f3gicos<\/p>\n<p><img decoding=\"async\" src=\"https:\/\/yourlifeatlas.com\/wp-content\/uploads\/2025\/11\/Jungs-Compass-Cov-er-200x300-1.png\" alt=\"imagem do livro\" \/><\/p>","protected":false},"excerpt":{"rendered":"<p>O psiquiatra su\u00ed\u00e7o e fundador da psicologia anal\u00edtica, C.G. Jung, deu contribui\u00e7\u00f5es significativas para a compreens\u00e3o da psique humana. Entre suas muitas obras inovadoras, destacam-se as teorias da psicologia anal\u00edtica e da psicologia do homem.<\/p>","protected":false},"author":2,"featured_media":2160,"comment_status":"open","ping_status":"open","sticky":false,"template":"","format":"standard","meta":{"_acf_changed":false,"footnotes":""},"categories":[8],"tags":[],"class_list":["post-2157","post","type-post","status-publish","format-standard","has-post-thumbnail","hentry","category-depth-psychology"],"acf":[],"yoast_head":"<!-- This site is optimized with the Yoast SEO Premium plugin v27.4 (Yoast SEO v27.4) - https:\/\/yoast.com\/product\/yoast-seo-premium-wordpress\/ -->\n<title>The Relationship of Ego &amp; Shadow in C.G. Jung\u2019s Psychology - Life Atlas<\/title>\n<meta name=\"robots\" content=\"index, follow, max-snippet:-1, max-image-preview:large, max-video-preview:-1\" \/>\n<link rel=\"canonical\" href=\"https:\/\/yourlifeatlas.com\/pt\/2025\/11\/a-relacao-entre-a-sombra-do-ego-e-a-psicologia-de-c-g-jung\/\" \/>\n<meta property=\"og:locale\" content=\"pt_BR\" \/>\n<meta property=\"og:type\" content=\"article\" \/>\n<meta property=\"og:title\" content=\"The Relationship of Ego &amp; Shadow in C.G. Jung\u2019s Psychology\" \/>\n<meta property=\"og:description\" content=\"Swiss psychiatrist and the founder of analytical psychology, C. G. Jung, made significant contributions to the understanding of the human psyche. Among his many groundbreaking\" \/>\n<meta property=\"og:url\" content=\"https:\/\/yourlifeatlas.com\/pt\/2025\/11\/a-relacao-entre-a-sombra-do-ego-e-a-psicologia-de-c-g-jung\/\" \/>\n<meta property=\"og:site_name\" content=\"Life Atlas\" \/>\n<meta property=\"article:published_time\" content=\"2025-11-10T20:15:10+00:00\" \/>\n<meta property=\"article:modified_time\" content=\"2025-11-10T20:19:31+00:00\" \/>\n<meta property=\"og:image\" content=\"https:\/\/yourlifeatlas.com\/wp-content\/uploads\/2025\/11\/depth-psychology-image-01.jpg\" \/>\n\t<meta property=\"og:image:width\" content=\"1000\" \/>\n\t<meta property=\"og:image:height\" content=\"500\" \/>\n\t<meta property=\"og:image:type\" content=\"image\/jpeg\" \/>\n<meta name=\"author\" content=\"James Johnston\" \/>\n<meta name=\"twitter:card\" content=\"summary_large_image\" \/>\n<meta name=\"twitter:label1\" content=\"Escrito por\" \/>\n\t<meta name=\"twitter:data1\" content=\"James Johnston\" \/>\n\t<meta name=\"twitter:label2\" content=\"Est. tempo de leitura\" \/>\n\t<meta name=\"twitter:data2\" content=\"5 minutos\" \/>\n<script type=\"application\/ld+json\" class=\"yoast-schema-graph\">{\"@context\":\"https:\\\/\\\/schema.org\",\"@graph\":[{\"@type\":\"Article\",\"@id\":\"https:\\\/\\\/yourlifeatlas.com\\\/2025\\\/11\\\/the-relationship-of-ego-shadow-in-c-g-jungs-psychology\\\/#article\",\"isPartOf\":{\"@id\":\"https:\\\/\\\/yourlifeatlas.com\\\/2025\\\/11\\\/the-relationship-of-ego-shadow-in-c-g-jungs-psychology\\\/\"},\"author\":{\"name\":\"James Johnston\",\"@id\":\"https:\\\/\\\/yourlifeatlas.com\\\/#\\\/schema\\\/person\\\/61357562a1bc0f3f0660e7bd63837b7d\"},\"headline\":\"The Relationship of Ego &#038; Shadow in C.G. Jung\u2019s Psychology\",\"datePublished\":\"2025-11-10T20:15:10+00:00\",\"dateModified\":\"2025-11-10T20:19:31+00:00\",\"mainEntityOfPage\":{\"@id\":\"https:\\\/\\\/yourlifeatlas.com\\\/2025\\\/11\\\/the-relationship-of-ego-shadow-in-c-g-jungs-psychology\\\/\"},\"wordCount\":931,\"commentCount\":0,\"image\":{\"@id\":\"https:\\\/\\\/yourlifeatlas.com\\\/2025\\\/11\\\/the-relationship-of-ego-shadow-in-c-g-jungs-psychology\\\/#primaryimage\"},\"thumbnailUrl\":\"https:\\\/\\\/yourlifeatlas.com\\\/wp-content\\\/uploads\\\/2025\\\/11\\\/depth-psychology-image-01.jpg\",\"articleSection\":[\"Depth Psychology\"],\"inLanguage\":\"pt-BR\",\"potentialAction\":[{\"@type\":\"CommentAction\",\"name\":\"Comment\",\"target\":[\"https:\\\/\\\/yourlifeatlas.com\\\/2025\\\/11\\\/the-relationship-of-ego-shadow-in-c-g-jungs-psychology\\\/#respond\"]}]},{\"@type\":\"WebPage\",\"@id\":\"https:\\\/\\\/yourlifeatlas.com\\\/2025\\\/11\\\/the-relationship-of-ego-shadow-in-c-g-jungs-psychology\\\/\",\"url\":\"https:\\\/\\\/yourlifeatlas.com\\\/2025\\\/11\\\/the-relationship-of-ego-shadow-in-c-g-jungs-psychology\\\/\",\"name\":\"The Relationship of Ego & Shadow in C.G. Jung\u2019s Psychology - Life Atlas\",\"isPartOf\":{\"@id\":\"https:\\\/\\\/yourlifeatlas.com\\\/#website\"},\"primaryImageOfPage\":{\"@id\":\"https:\\\/\\\/yourlifeatlas.com\\\/2025\\\/11\\\/the-relationship-of-ego-shadow-in-c-g-jungs-psychology\\\/#primaryimage\"},\"image\":{\"@id\":\"https:\\\/\\\/yourlifeatlas.com\\\/2025\\\/11\\\/the-relationship-of-ego-shadow-in-c-g-jungs-psychology\\\/#primaryimage\"},\"thumbnailUrl\":\"https:\\\/\\\/yourlifeatlas.com\\\/wp-content\\\/uploads\\\/2025\\\/11\\\/depth-psychology-image-01.jpg\",\"datePublished\":\"2025-11-10T20:15:10+00:00\",\"dateModified\":\"2025-11-10T20:19:31+00:00\",\"author\":{\"@id\":\"https:\\\/\\\/yourlifeatlas.com\\\/#\\\/schema\\\/person\\\/61357562a1bc0f3f0660e7bd63837b7d\"},\"breadcrumb\":{\"@id\":\"https:\\\/\\\/yourlifeatlas.com\\\/2025\\\/11\\\/the-relationship-of-ego-shadow-in-c-g-jungs-psychology\\\/#breadcrumb\"},\"inLanguage\":\"pt-BR\",\"potentialAction\":[{\"@type\":\"ReadAction\",\"target\":[\"https:\\\/\\\/yourlifeatlas.com\\\/2025\\\/11\\\/the-relationship-of-ego-shadow-in-c-g-jungs-psychology\\\/\"]}]},{\"@type\":\"ImageObject\",\"inLanguage\":\"pt-BR\",\"@id\":\"https:\\\/\\\/yourlifeatlas.com\\\/2025\\\/11\\\/the-relationship-of-ego-shadow-in-c-g-jungs-psychology\\\/#primaryimage\",\"url\":\"https:\\\/\\\/yourlifeatlas.com\\\/wp-content\\\/uploads\\\/2025\\\/11\\\/depth-psychology-image-01.jpg\",\"contentUrl\":\"https:\\\/\\\/yourlifeatlas.com\\\/wp-content\\\/uploads\\\/2025\\\/11\\\/depth-psychology-image-01.jpg\",\"width\":1000,\"height\":500},{\"@type\":\"BreadcrumbList\",\"@id\":\"https:\\\/\\\/yourlifeatlas.com\\\/2025\\\/11\\\/the-relationship-of-ego-shadow-in-c-g-jungs-psychology\\\/#breadcrumb\",\"itemListElement\":[{\"@type\":\"ListItem\",\"position\":1,\"name\":\"Home\",\"item\":\"https:\\\/\\\/yourlifeatlas.com\\\/\"},{\"@type\":\"ListItem\",\"position\":2,\"name\":\"The Relationship of Ego &#038; Shadow in C.G. Jung\u2019s Psychology\"}]},{\"@type\":\"WebSite\",\"@id\":\"https:\\\/\\\/yourlifeatlas.com\\\/#website\",\"url\":\"https:\\\/\\\/yourlifeatlas.com\\\/\",\"name\":\"Life Atlas\",\"description\":\"\",\"potentialAction\":[{\"@type\":\"SearchAction\",\"target\":{\"@type\":\"EntryPoint\",\"urlTemplate\":\"https:\\\/\\\/yourlifeatlas.com\\\/?s={search_term_string}\"},\"query-input\":{\"@type\":\"PropertyValueSpecification\",\"valueRequired\":true,\"valueName\":\"search_term_string\"}}],\"inLanguage\":\"pt-BR\"},{\"@type\":\"Person\",\"@id\":\"https:\\\/\\\/yourlifeatlas.com\\\/#\\\/schema\\\/person\\\/61357562a1bc0f3f0660e7bd63837b7d\",\"name\":\"James Johnston\",\"image\":{\"@type\":\"ImageObject\",\"inLanguage\":\"pt-BR\",\"@id\":\"https:\\\/\\\/secure.gravatar.com\\\/avatar\\\/102df6dd747f22072ed02fe7955e897b4eab3f8b67dc2d17e79c7cc988fea1c2?s=96&d=mm&r=g\",\"url\":\"https:\\\/\\\/secure.gravatar.com\\\/avatar\\\/102df6dd747f22072ed02fe7955e897b4eab3f8b67dc2d17e79c7cc988fea1c2?s=96&d=mm&r=g\",\"contentUrl\":\"https:\\\/\\\/secure.gravatar.com\\\/avatar\\\/102df6dd747f22072ed02fe7955e897b4eab3f8b67dc2d17e79c7cc988fea1c2?s=96&d=mm&r=g\",\"caption\":\"James Johnston\"},\"url\":\"https:\\\/\\\/yourlifeatlas.com\\\/pt\\\/author\\\/jgj\\\/\"}]}<\/script>\n<!-- \/ Yoast SEO Premium plugin. -->","yoast_head_json":{"title":"A rela\u00e7\u00e3o entre ego e sombra na psicologia de C.G. Jung - Atlas da Vida","robots":{"index":"index","follow":"follow","max-snippet":"max-snippet:-1","max-image-preview":"max-image-preview:large","max-video-preview":"max-video-preview:-1"},"canonical":"https:\/\/yourlifeatlas.com\/pt\/2025\/11\/a-relacao-entre-a-sombra-do-ego-e-a-psicologia-de-c-g-jung\/","og_locale":"pt_BR","og_type":"article","og_title":"The Relationship of Ego & Shadow in C.G. Jung\u2019s Psychology","og_description":"Swiss psychiatrist and the founder of analytical psychology, C. G. Jung, made significant contributions to the understanding of the human psyche. Among his many groundbreaking","og_url":"https:\/\/yourlifeatlas.com\/pt\/2025\/11\/a-relacao-entre-a-sombra-do-ego-e-a-psicologia-de-c-g-jung\/","og_site_name":"Life Atlas","article_published_time":"2025-11-10T20:15:10+00:00","article_modified_time":"2025-11-10T20:19:31+00:00","og_image":[{"width":1000,"height":500,"url":"https:\/\/yourlifeatlas.com\/wp-content\/uploads\/2025\/11\/depth-psychology-image-01.jpg","type":"image\/jpeg"}],"author":"James Johnston","twitter_card":"summary_large_image","twitter_misc":{"Escrito por":"James Johnston","Est. tempo de leitura":"5 minutos"},"schema":{"@context":"https:\/\/schema.org","@graph":[{"@type":"Article","@id":"https:\/\/yourlifeatlas.com\/2025\/11\/the-relationship-of-ego-shadow-in-c-g-jungs-psychology\/#article","isPartOf":{"@id":"https:\/\/yourlifeatlas.com\/2025\/11\/the-relationship-of-ego-shadow-in-c-g-jungs-psychology\/"},"author":{"name":"James Johnston","@id":"https:\/\/yourlifeatlas.com\/#\/schema\/person\/61357562a1bc0f3f0660e7bd63837b7d"},"headline":"The Relationship of Ego &#038; Shadow in C.G. Jung\u2019s Psychology","datePublished":"2025-11-10T20:15:10+00:00","dateModified":"2025-11-10T20:19:31+00:00","mainEntityOfPage":{"@id":"https:\/\/yourlifeatlas.com\/2025\/11\/the-relationship-of-ego-shadow-in-c-g-jungs-psychology\/"},"wordCount":931,"commentCount":0,"image":{"@id":"https:\/\/yourlifeatlas.com\/2025\/11\/the-relationship-of-ego-shadow-in-c-g-jungs-psychology\/#primaryimage"},"thumbnailUrl":"https:\/\/yourlifeatlas.com\/wp-content\/uploads\/2025\/11\/depth-psychology-image-01.jpg","articleSection":["Depth Psychology"],"inLanguage":"pt-BR","potentialAction":[{"@type":"CommentAction","name":"Comment","target":["https:\/\/yourlifeatlas.com\/2025\/11\/the-relationship-of-ego-shadow-in-c-g-jungs-psychology\/#respond"]}]},{"@type":"WebPage","@id":"https:\/\/yourlifeatlas.com\/2025\/11\/the-relationship-of-ego-shadow-in-c-g-jungs-psychology\/","url":"https:\/\/yourlifeatlas.com\/2025\/11\/the-relationship-of-ego-shadow-in-c-g-jungs-psychology\/","name":"A rela\u00e7\u00e3o entre ego e sombra na psicologia de C.G. Jung - Atlas da Vida","isPartOf":{"@id":"https:\/\/yourlifeatlas.com\/#website"},"primaryImageOfPage":{"@id":"https:\/\/yourlifeatlas.com\/2025\/11\/the-relationship-of-ego-shadow-in-c-g-jungs-psychology\/#primaryimage"},"image":{"@id":"https:\/\/yourlifeatlas.com\/2025\/11\/the-relationship-of-ego-shadow-in-c-g-jungs-psychology\/#primaryimage"},"thumbnailUrl":"https:\/\/yourlifeatlas.com\/wp-content\/uploads\/2025\/11\/depth-psychology-image-01.jpg","datePublished":"2025-11-10T20:15:10+00:00","dateModified":"2025-11-10T20:19:31+00:00","author":{"@id":"https:\/\/yourlifeatlas.com\/#\/schema\/person\/61357562a1bc0f3f0660e7bd63837b7d"},"breadcrumb":{"@id":"https:\/\/yourlifeatlas.com\/2025\/11\/the-relationship-of-ego-shadow-in-c-g-jungs-psychology\/#breadcrumb"},"inLanguage":"pt-BR","potentialAction":[{"@type":"ReadAction","target":["https:\/\/yourlifeatlas.com\/2025\/11\/the-relationship-of-ego-shadow-in-c-g-jungs-psychology\/"]}]},{"@type":"ImageObject","inLanguage":"pt-BR","@id":"https:\/\/yourlifeatlas.com\/2025\/11\/the-relationship-of-ego-shadow-in-c-g-jungs-psychology\/#primaryimage","url":"https:\/\/yourlifeatlas.com\/wp-content\/uploads\/2025\/11\/depth-psychology-image-01.jpg","contentUrl":"https:\/\/yourlifeatlas.com\/wp-content\/uploads\/2025\/11\/depth-psychology-image-01.jpg","width":1000,"height":500},{"@type":"BreadcrumbList","@id":"https:\/\/yourlifeatlas.com\/2025\/11\/the-relationship-of-ego-shadow-in-c-g-jungs-psychology\/#breadcrumb","itemListElement":[{"@type":"ListItem","position":1,"name":"Home","item":"https:\/\/yourlifeatlas.com\/"},{"@type":"ListItem","position":2,"name":"The Relationship of Ego &#038; Shadow in C.G. Jung\u2019s Psychology"}]},{"@type":"WebSite","@id":"https:\/\/yourlifeatlas.com\/#website","url":"https:\/\/yourlifeatlas.com\/","name":"Atlas da Vida","description":"","potentialAction":[{"@type":"SearchAction","target":{"@type":"EntryPoint","urlTemplate":"https:\/\/yourlifeatlas.com\/?s={search_term_string}"},"query-input":{"@type":"PropertyValueSpecification","valueRequired":true,"valueName":"search_term_string"}}],"inLanguage":"pt-BR"},{"@type":"Person","@id":"https:\/\/yourlifeatlas.com\/#\/schema\/person\/61357562a1bc0f3f0660e7bd63837b7d","name":"James Johnston","image":{"@type":"ImageObject","inLanguage":"pt-BR","@id":"https:\/\/secure.gravatar.com\/avatar\/102df6dd747f22072ed02fe7955e897b4eab3f8b67dc2d17e79c7cc988fea1c2?s=96&d=mm&r=g","url":"https:\/\/secure.gravatar.com\/avatar\/102df6dd747f22072ed02fe7955e897b4eab3f8b67dc2d17e79c7cc988fea1c2?s=96&d=mm&r=g","contentUrl":"https:\/\/secure.gravatar.com\/avatar\/102df6dd747f22072ed02fe7955e897b4eab3f8b67dc2d17e79c7cc988fea1c2?s=96&d=mm&r=g","caption":"James Johnston"},"url":"https:\/\/yourlifeatlas.com\/pt\/author\/jgj\/"}]}},"_links":{"self":[{"href":"https:\/\/yourlifeatlas.com\/pt\/wp-json\/wp\/v2\/posts\/2157","targetHints":{"allow":["GET"]}}],"collection":[{"href":"https:\/\/yourlifeatlas.com\/pt\/wp-json\/wp\/v2\/posts"}],"about":[{"href":"https:\/\/yourlifeatlas.com\/pt\/wp-json\/wp\/v2\/types\/post"}],"author":[{"embeddable":true,"href":"https:\/\/yourlifeatlas.com\/pt\/wp-json\/wp\/v2\/users\/2"}],"replies":[{"embeddable":true,"href":"https:\/\/yourlifeatlas.com\/pt\/wp-json\/wp\/v2\/comments?post=2157"}],"version-history":[{"count":3,"href":"https:\/\/yourlifeatlas.com\/pt\/wp-json\/wp\/v2\/posts\/2157\/revisions"}],"predecessor-version":[{"id":2167,"href":"https:\/\/yourlifeatlas.com\/pt\/wp-json\/wp\/v2\/posts\/2157\/revisions\/2167"}],"wp:featuredmedia":[{"embeddable":true,"href":"https:\/\/yourlifeatlas.com\/pt\/wp-json\/wp\/v2\/media\/2160"}],"wp:attachment":[{"href":"https:\/\/yourlifeatlas.com\/pt\/wp-json\/wp\/v2\/media?parent=2157"}],"wp:term":[{"taxonomy":"category","embeddable":true,"href":"https:\/\/yourlifeatlas.com\/pt\/wp-json\/wp\/v2\/categories?post=2157"},{"taxonomy":"post_tag","embeddable":true,"href":"https:\/\/yourlifeatlas.com\/pt\/wp-json\/wp\/v2\/tags?post=2157"}],"curies":[{"name":"wp","href":"https:\/\/api.w.org\/{rel}","templated":true}]}}