{"id":2304,"date":"2025-11-11T20:00:13","date_gmt":"2025-11-11T20:00:13","guid":{"rendered":"https:\/\/yourlifeatlas.com\/?p=2304"},"modified":"2025-11-11T20:00:13","modified_gmt":"2025-11-11T20:00:13","slug":"sentimento-introvertido-na-sombra","status":"publish","type":"post","link":"https:\/\/yourlifeatlas.com\/pt\/2025\/11\/introverted-feeling-in-the-shadow\/","title":{"rendered":"Sentimento introvertido na sombra"},"content":{"rendered":"<h3>Barbara Miller<\/h3>\n<p><em><strong> \u201cEssas imagens mentais preexistentes com as quais entra em contato o fluxo de nossa experi\u00eancia pessoal, eu chamo de fator subjetivo\u201d \u2013 CG Jung<\/strong><\/em><\/p>\n<p>&nbsp;<\/p>\n<p>Sabemos muito sobre os tipos em seu funcionamento normal, mas como eles funcionam como tipos sombra opostos n\u00e3o \u00e9 t\u00e3o conhecido ou compreendido. Este artigo sobre sentimento introvertido faz parte de uma s\u00e9rie de artigos sobre os tipos na posi\u00e7\u00e3o sombra.<\/p>\n<p>&nbsp;<\/p>\n<p><strong>Sentimento introvertido na posi\u00e7\u00e3o consciente<\/strong><br \/>\nA sensa\u00e7\u00e3o de ser introvertido \u00e9 determinada principalmente pelo fator subjetivo.<\/p>\n<p>&nbsp;<\/p>\n<p>\u201cEssas imagens mentais preexistentes com as quais entra em contato o fluxo de nossa experi\u00eancia pessoal, eu chamo de fator subjetivo. Nossos processos mentais n\u00e3o podem escapar da intera\u00e7\u00e3o com essas imagens preexistentes, ent\u00e3o \u00e9 f\u00e1cil entender por que uma nova ideia sempre tem que lutar por sua sobreviv\u00eancia contra essas disposi\u00e7\u00f5es ancestrais.\u201d (Semin\u00e1rio de Psicologia Anal\u00edtica de 1925, Palestra 8, p. 64)<\/p>\n<p>&nbsp;<\/p>\n<p>A profundidade desse sentimento s\u00f3 pode ser pressentida, jamais captada com clareza pela observa\u00e7\u00e3o externa. Pode se expressar em religiosidade ou em formas po\u00e9ticas \u00edntimas, mas frequentemente se trata de uma intensa simpatia que nada demonstra de forma vis\u00edvel. O ditado &quot;\u00e1guas calmas s\u00e3o profundas&quot; se aplica perfeitamente aqui.<\/p>\n<p>&nbsp;<\/p>\n<p>O sentimento de compaix\u00e3o pode ser expresso em palavras, de modo que aqueles que utilizam bem o sentimento introvertido s\u00e3o frequentemente escritores, mas m\u00fasicos tamb\u00e9m podem ter essa orienta\u00e7\u00e3o. O sentimento introvertido pode, muitas vezes, assumir uma postura ferozmente independente em defesa de novos valores idealistas.<\/p>\n<p>&nbsp;<\/p>\n<p>Quando o sentimento extrovertido est\u00e1 bem desenvolvido, a postura \u00e9tica segue a \u00e9tica estabelecida pela sociedade. A aten\u00e7\u00e3o \u00e0 \u00e9tica que parece vir \u201cda ess\u00eancia\u201d \u00e9 o sentimento introvertido. O sentimento introvertido, quando bem utilizado, tem uma consci\u00eancia agu\u00e7ada de algo maior que o ego; contudo, quando se encontra em um estado subdesenvolvido \u2013 a sombra \u2013 a hist\u00f3ria \u00e9 bem diferente.<\/p>\n<p>&nbsp;<\/p>\n<p><strong>Sentimento introvertido na sombra<\/strong><br \/>\nO sentimento introvertido muitas vezes fica em segundo plano para quem tem o pensamento extrovertido como principal caracter\u00edstica; a fun\u00e7\u00e3o do pensamento depende da ordem, dos detalhes e da l\u00f3gica, conforme definidos pela sociedade. O sentimento introvertido em segundo plano \u00e9 compensat\u00f3rio. A l\u00f3gica, a aten\u00e7\u00e3o aos detalhes e a organiza\u00e7\u00e3o s\u00e3o compensadas pela vis\u00e3o do todo, onde a beleza e a verdade s\u00e3o ideais hol\u00edsticos.<\/p>\n<p>&nbsp;<\/p>\n<p>Essa situa\u00e7\u00e3o de oposi\u00e7\u00e3o intraps\u00edquica, entre o pensamento extrovertido e o sentimento introvertido, pode ser vista externamente em um casamento. Um marido orientado para o pensamento extrovertido pode se considerar exclusivamente racional; ele pode ver sua esposa, orientada para o sentimento introvertido, como emotiva e indigna de confian\u00e7a. Ele pr\u00f3prio \u00e9 frequentemente inst\u00e1vel emocionalmente, mas acusa sua esposa de chantagem emocional. Ele tamb\u00e9m sente ci\u00fames secretos de suas realiza\u00e7\u00f5es art\u00edsticas.<\/p>\n<p>&nbsp;<\/p>\n<p>Num casamento em que o marido n\u00e3o quer que a esposa se desenvolva al\u00e9m da inf\u00e2ncia, pode haver uma troca, na qual a esposa usa seu &quot;ganho secund\u00e1rio&quot;. Ela diz (de forma bastante inconsciente, \u00e9 claro, caso contr\u00e1rio o ganho secund\u00e1rio n\u00e3o funciona): &quot;Tudo bem, eu continuo sendo crian\u00e7a, mas pelo menos tenho permiss\u00e3o para fazer birras.&quot;\u201c<\/p>\n<p>&nbsp;<\/p>\n<p>O mesmo ocorre com a psique individual. Quando o sentimento introvertido permanece infantil, a valora\u00e7\u00e3o (ainda) \u00e9 vivenciada e expressa de forma explosiva, como em acessos de raiva. Esses acessos de raiva podem se tornar destrutivos se o sentimento introvertido for completamente ignorado \u2013 uma condi\u00e7\u00e3o de extrema unilateralidade que abordaremos no artigo de outubro.<\/p>\n<p>&nbsp;<\/p>\n<p><strong>Barbara Miller<\/strong><br \/>\n9\/1\/2015<\/p>","protected":false},"excerpt":{"rendered":"<p>Barbara Miller: \u201cEssas imagens mentais preexistentes com as quais entra em contato o fluxo de nossa experi\u00eancia pessoal, eu chamo de fator subjetivo\u201d \u2013 C.G. Jung  <\/p>","protected":false},"author":2,"featured_media":2314,"comment_status":"open","ping_status":"open","sticky":false,"template":"","format":"standard","meta":{"_acf_changed":false,"footnotes":""},"categories":[7],"tags":[],"class_list":["post-2304","post","type-post","status-publish","format-standard","has-post-thumbnail","hentry","category-psychological-type"],"acf":[],"yoast_head":"<!-- This site is optimized with the Yoast SEO Premium plugin v27.4 (Yoast SEO v27.4) - https:\/\/yoast.com\/product\/yoast-seo-premium-wordpress\/ -->\n<title>Introverted Feeling in the Shadow - Life Atlas<\/title>\n<meta name=\"robots\" content=\"index, follow, max-snippet:-1, max-image-preview:large, max-video-preview:-1\" \/>\n<link rel=\"canonical\" href=\"https:\/\/yourlifeatlas.com\/pt\/2025\/11\/sentimento-introvertido-na-sombra\/\" \/>\n<meta property=\"og:locale\" content=\"pt_BR\" \/>\n<meta property=\"og:type\" content=\"article\" \/>\n<meta property=\"og:title\" content=\"Introverted Feeling in the Shadow\" \/>\n<meta property=\"og:description\" content=\"Barbara Miller \u201cThese preexisting mental images into contact with which the stream of our personal experience comes, I call the subjective factor\u201d \u2013 C.G. Jung\" \/>\n<meta property=\"og:url\" content=\"https:\/\/yourlifeatlas.com\/pt\/2025\/11\/sentimento-introvertido-na-sombra\/\" \/>\n<meta property=\"og:site_name\" content=\"Life Atlas\" \/>\n<meta property=\"article:published_time\" content=\"2025-11-11T20:00:13+00:00\" \/>\n<meta property=\"og:image\" content=\"https:\/\/yourlifeatlas.com\/wp-content\/uploads\/2025\/11\/psychological-type-image-11.jpg\" \/>\n\t<meta property=\"og:image:width\" content=\"1000\" \/>\n\t<meta property=\"og:image:height\" content=\"500\" \/>\n\t<meta property=\"og:image:type\" content=\"image\/jpeg\" \/>\n<meta name=\"author\" content=\"James Johnston\" \/>\n<meta name=\"twitter:card\" content=\"summary_large_image\" \/>\n<meta name=\"twitter:label1\" content=\"Escrito por\" \/>\n\t<meta name=\"twitter:data1\" content=\"James Johnston\" \/>\n\t<meta name=\"twitter:label2\" content=\"Est. tempo de leitura\" \/>\n\t<meta name=\"twitter:data2\" content=\"3 minutos\" \/>\n<script type=\"application\/ld+json\" class=\"yoast-schema-graph\">{\"@context\":\"https:\\\/\\\/schema.org\",\"@graph\":[{\"@type\":\"Article\",\"@id\":\"https:\\\/\\\/yourlifeatlas.com\\\/2025\\\/11\\\/introverted-feeling-in-the-shadow\\\/#article\",\"isPartOf\":{\"@id\":\"https:\\\/\\\/yourlifeatlas.com\\\/2025\\\/11\\\/introverted-feeling-in-the-shadow\\\/\"},\"author\":{\"name\":\"James Johnston\",\"@id\":\"https:\\\/\\\/yourlifeatlas.com\\\/#\\\/schema\\\/person\\\/61357562a1bc0f3f0660e7bd63837b7d\"},\"headline\":\"Introverted Feeling in the Shadow\",\"datePublished\":\"2025-11-11T20:00:13+00:00\",\"mainEntityOfPage\":{\"@id\":\"https:\\\/\\\/yourlifeatlas.com\\\/2025\\\/11\\\/introverted-feeling-in-the-shadow\\\/\"},\"wordCount\":533,\"commentCount\":0,\"image\":{\"@id\":\"https:\\\/\\\/yourlifeatlas.com\\\/2025\\\/11\\\/introverted-feeling-in-the-shadow\\\/#primaryimage\"},\"thumbnailUrl\":\"https:\\\/\\\/yourlifeatlas.com\\\/wp-content\\\/uploads\\\/2025\\\/11\\\/psychological-type-image-11.jpg\",\"articleSection\":[\"Psychological Type\"],\"inLanguage\":\"pt-BR\",\"potentialAction\":[{\"@type\":\"CommentAction\",\"name\":\"Comment\",\"target\":[\"https:\\\/\\\/yourlifeatlas.com\\\/2025\\\/11\\\/introverted-feeling-in-the-shadow\\\/#respond\"]}]},{\"@type\":\"WebPage\",\"@id\":\"https:\\\/\\\/yourlifeatlas.com\\\/2025\\\/11\\\/introverted-feeling-in-the-shadow\\\/\",\"url\":\"https:\\\/\\\/yourlifeatlas.com\\\/2025\\\/11\\\/introverted-feeling-in-the-shadow\\\/\",\"name\":\"Introverted Feeling in the Shadow - Life Atlas\",\"isPartOf\":{\"@id\":\"https:\\\/\\\/yourlifeatlas.com\\\/#website\"},\"primaryImageOfPage\":{\"@id\":\"https:\\\/\\\/yourlifeatlas.com\\\/2025\\\/11\\\/introverted-feeling-in-the-shadow\\\/#primaryimage\"},\"image\":{\"@id\":\"https:\\\/\\\/yourlifeatlas.com\\\/2025\\\/11\\\/introverted-feeling-in-the-shadow\\\/#primaryimage\"},\"thumbnailUrl\":\"https:\\\/\\\/yourlifeatlas.com\\\/wp-content\\\/uploads\\\/2025\\\/11\\\/psychological-type-image-11.jpg\",\"datePublished\":\"2025-11-11T20:00:13+00:00\",\"author\":{\"@id\":\"https:\\\/\\\/yourlifeatlas.com\\\/#\\\/schema\\\/person\\\/61357562a1bc0f3f0660e7bd63837b7d\"},\"breadcrumb\":{\"@id\":\"https:\\\/\\\/yourlifeatlas.com\\\/2025\\\/11\\\/introverted-feeling-in-the-shadow\\\/#breadcrumb\"},\"inLanguage\":\"pt-BR\",\"potentialAction\":[{\"@type\":\"ReadAction\",\"target\":[\"https:\\\/\\\/yourlifeatlas.com\\\/2025\\\/11\\\/introverted-feeling-in-the-shadow\\\/\"]}]},{\"@type\":\"ImageObject\",\"inLanguage\":\"pt-BR\",\"@id\":\"https:\\\/\\\/yourlifeatlas.com\\\/2025\\\/11\\\/introverted-feeling-in-the-shadow\\\/#primaryimage\",\"url\":\"https:\\\/\\\/yourlifeatlas.com\\\/wp-content\\\/uploads\\\/2025\\\/11\\\/psychological-type-image-11.jpg\",\"contentUrl\":\"https:\\\/\\\/yourlifeatlas.com\\\/wp-content\\\/uploads\\\/2025\\\/11\\\/psychological-type-image-11.jpg\",\"width\":1000,\"height\":500},{\"@type\":\"BreadcrumbList\",\"@id\":\"https:\\\/\\\/yourlifeatlas.com\\\/2025\\\/11\\\/introverted-feeling-in-the-shadow\\\/#breadcrumb\",\"itemListElement\":[{\"@type\":\"ListItem\",\"position\":1,\"name\":\"Home\",\"item\":\"https:\\\/\\\/yourlifeatlas.com\\\/\"},{\"@type\":\"ListItem\",\"position\":2,\"name\":\"Introverted Feeling in the Shadow\"}]},{\"@type\":\"WebSite\",\"@id\":\"https:\\\/\\\/yourlifeatlas.com\\\/#website\",\"url\":\"https:\\\/\\\/yourlifeatlas.com\\\/\",\"name\":\"Life Atlas\",\"description\":\"\",\"potentialAction\":[{\"@type\":\"SearchAction\",\"target\":{\"@type\":\"EntryPoint\",\"urlTemplate\":\"https:\\\/\\\/yourlifeatlas.com\\\/?s={search_term_string}\"},\"query-input\":{\"@type\":\"PropertyValueSpecification\",\"valueRequired\":true,\"valueName\":\"search_term_string\"}}],\"inLanguage\":\"pt-BR\"},{\"@type\":\"Person\",\"@id\":\"https:\\\/\\\/yourlifeatlas.com\\\/#\\\/schema\\\/person\\\/61357562a1bc0f3f0660e7bd63837b7d\",\"name\":\"James Johnston\",\"image\":{\"@type\":\"ImageObject\",\"inLanguage\":\"pt-BR\",\"@id\":\"https:\\\/\\\/secure.gravatar.com\\\/avatar\\\/102df6dd747f22072ed02fe7955e897b4eab3f8b67dc2d17e79c7cc988fea1c2?s=96&d=mm&r=g\",\"url\":\"https:\\\/\\\/secure.gravatar.com\\\/avatar\\\/102df6dd747f22072ed02fe7955e897b4eab3f8b67dc2d17e79c7cc988fea1c2?s=96&d=mm&r=g\",\"contentUrl\":\"https:\\\/\\\/secure.gravatar.com\\\/avatar\\\/102df6dd747f22072ed02fe7955e897b4eab3f8b67dc2d17e79c7cc988fea1c2?s=96&d=mm&r=g\",\"caption\":\"James Johnston\"},\"url\":\"https:\\\/\\\/yourlifeatlas.com\\\/pt\\\/author\\\/jgj\\\/\"}]}<\/script>\n<!-- \/ Yoast SEO Premium plugin. -->","yoast_head_json":{"title":"Sentimento introvertido na sombra - Atlas da Vida","robots":{"index":"index","follow":"follow","max-snippet":"max-snippet:-1","max-image-preview":"max-image-preview:large","max-video-preview":"max-video-preview:-1"},"canonical":"https:\/\/yourlifeatlas.com\/pt\/2025\/11\/sentimento-introvertido-na-sombra\/","og_locale":"pt_BR","og_type":"article","og_title":"Introverted Feeling in the Shadow","og_description":"Barbara Miller \u201cThese preexisting mental images into contact with which the stream of our personal experience comes, I call the subjective factor\u201d \u2013 C.G. Jung","og_url":"https:\/\/yourlifeatlas.com\/pt\/2025\/11\/sentimento-introvertido-na-sombra\/","og_site_name":"Life Atlas","article_published_time":"2025-11-11T20:00:13+00:00","og_image":[{"width":1000,"height":500,"url":"https:\/\/yourlifeatlas.com\/wp-content\/uploads\/2025\/11\/psychological-type-image-11.jpg","type":"image\/jpeg"}],"author":"James Johnston","twitter_card":"summary_large_image","twitter_misc":{"Escrito por":"James Johnston","Est. tempo de leitura":"3 minutos"},"schema":{"@context":"https:\/\/schema.org","@graph":[{"@type":"Article","@id":"https:\/\/yourlifeatlas.com\/2025\/11\/introverted-feeling-in-the-shadow\/#article","isPartOf":{"@id":"https:\/\/yourlifeatlas.com\/2025\/11\/introverted-feeling-in-the-shadow\/"},"author":{"name":"James Johnston","@id":"https:\/\/yourlifeatlas.com\/#\/schema\/person\/61357562a1bc0f3f0660e7bd63837b7d"},"headline":"Introverted Feeling in the Shadow","datePublished":"2025-11-11T20:00:13+00:00","mainEntityOfPage":{"@id":"https:\/\/yourlifeatlas.com\/2025\/11\/introverted-feeling-in-the-shadow\/"},"wordCount":533,"commentCount":0,"image":{"@id":"https:\/\/yourlifeatlas.com\/2025\/11\/introverted-feeling-in-the-shadow\/#primaryimage"},"thumbnailUrl":"https:\/\/yourlifeatlas.com\/wp-content\/uploads\/2025\/11\/psychological-type-image-11.jpg","articleSection":["Psychological Type"],"inLanguage":"pt-BR","potentialAction":[{"@type":"CommentAction","name":"Comment","target":["https:\/\/yourlifeatlas.com\/2025\/11\/introverted-feeling-in-the-shadow\/#respond"]}]},{"@type":"WebPage","@id":"https:\/\/yourlifeatlas.com\/2025\/11\/introverted-feeling-in-the-shadow\/","url":"https:\/\/yourlifeatlas.com\/2025\/11\/introverted-feeling-in-the-shadow\/","name":"Sentimento introvertido na sombra - Atlas da Vida","isPartOf":{"@id":"https:\/\/yourlifeatlas.com\/#website"},"primaryImageOfPage":{"@id":"https:\/\/yourlifeatlas.com\/2025\/11\/introverted-feeling-in-the-shadow\/#primaryimage"},"image":{"@id":"https:\/\/yourlifeatlas.com\/2025\/11\/introverted-feeling-in-the-shadow\/#primaryimage"},"thumbnailUrl":"https:\/\/yourlifeatlas.com\/wp-content\/uploads\/2025\/11\/psychological-type-image-11.jpg","datePublished":"2025-11-11T20:00:13+00:00","author":{"@id":"https:\/\/yourlifeatlas.com\/#\/schema\/person\/61357562a1bc0f3f0660e7bd63837b7d"},"breadcrumb":{"@id":"https:\/\/yourlifeatlas.com\/2025\/11\/introverted-feeling-in-the-shadow\/#breadcrumb"},"inLanguage":"pt-BR","potentialAction":[{"@type":"ReadAction","target":["https:\/\/yourlifeatlas.com\/2025\/11\/introverted-feeling-in-the-shadow\/"]}]},{"@type":"ImageObject","inLanguage":"pt-BR","@id":"https:\/\/yourlifeatlas.com\/2025\/11\/introverted-feeling-in-the-shadow\/#primaryimage","url":"https:\/\/yourlifeatlas.com\/wp-content\/uploads\/2025\/11\/psychological-type-image-11.jpg","contentUrl":"https:\/\/yourlifeatlas.com\/wp-content\/uploads\/2025\/11\/psychological-type-image-11.jpg","width":1000,"height":500},{"@type":"BreadcrumbList","@id":"https:\/\/yourlifeatlas.com\/2025\/11\/introverted-feeling-in-the-shadow\/#breadcrumb","itemListElement":[{"@type":"ListItem","position":1,"name":"Home","item":"https:\/\/yourlifeatlas.com\/"},{"@type":"ListItem","position":2,"name":"Introverted Feeling in the Shadow"}]},{"@type":"WebSite","@id":"https:\/\/yourlifeatlas.com\/#website","url":"https:\/\/yourlifeatlas.com\/","name":"Atlas da Vida","description":"","potentialAction":[{"@type":"SearchAction","target":{"@type":"EntryPoint","urlTemplate":"https:\/\/yourlifeatlas.com\/?s={search_term_string}"},"query-input":{"@type":"PropertyValueSpecification","valueRequired":true,"valueName":"search_term_string"}}],"inLanguage":"pt-BR"},{"@type":"Person","@id":"https:\/\/yourlifeatlas.com\/#\/schema\/person\/61357562a1bc0f3f0660e7bd63837b7d","name":"James Johnston","image":{"@type":"ImageObject","inLanguage":"pt-BR","@id":"https:\/\/secure.gravatar.com\/avatar\/102df6dd747f22072ed02fe7955e897b4eab3f8b67dc2d17e79c7cc988fea1c2?s=96&d=mm&r=g","url":"https:\/\/secure.gravatar.com\/avatar\/102df6dd747f22072ed02fe7955e897b4eab3f8b67dc2d17e79c7cc988fea1c2?s=96&d=mm&r=g","contentUrl":"https:\/\/secure.gravatar.com\/avatar\/102df6dd747f22072ed02fe7955e897b4eab3f8b67dc2d17e79c7cc988fea1c2?s=96&d=mm&r=g","caption":"James Johnston"},"url":"https:\/\/yourlifeatlas.com\/pt\/author\/jgj\/"}]}},"_links":{"self":[{"href":"https:\/\/yourlifeatlas.com\/pt\/wp-json\/wp\/v2\/posts\/2304","targetHints":{"allow":["GET"]}}],"collection":[{"href":"https:\/\/yourlifeatlas.com\/pt\/wp-json\/wp\/v2\/posts"}],"about":[{"href":"https:\/\/yourlifeatlas.com\/pt\/wp-json\/wp\/v2\/types\/post"}],"author":[{"embeddable":true,"href":"https:\/\/yourlifeatlas.com\/pt\/wp-json\/wp\/v2\/users\/2"}],"replies":[{"embeddable":true,"href":"https:\/\/yourlifeatlas.com\/pt\/wp-json\/wp\/v2\/comments?post=2304"}],"version-history":[{"count":0,"href":"https:\/\/yourlifeatlas.com\/pt\/wp-json\/wp\/v2\/posts\/2304\/revisions"}],"wp:featuredmedia":[{"embeddable":true,"href":"https:\/\/yourlifeatlas.com\/pt\/wp-json\/wp\/v2\/media\/2314"}],"wp:attachment":[{"href":"https:\/\/yourlifeatlas.com\/pt\/wp-json\/wp\/v2\/media?parent=2304"}],"wp:term":[{"taxonomy":"category","embeddable":true,"href":"https:\/\/yourlifeatlas.com\/pt\/wp-json\/wp\/v2\/categories?post=2304"},{"taxonomy":"post_tag","embeddable":true,"href":"https:\/\/yourlifeatlas.com\/pt\/wp-json\/wp\/v2\/tags?post=2304"}],"curies":[{"name":"wp","href":"https:\/\/api.w.org\/{rel}","templated":true}]}}